{"id":17260,"date":"2019-05-06T13:42:47","date_gmt":"2019-05-06T13:42:47","guid":{"rendered":"http:\/\/todoapulmon-rafaela.com\/?p=17260"},"modified":"2019-05-06T13:44:05","modified_gmt":"2019-05-06T13:44:05","slug":"nutrida-participacion-rafaelina-en-el-desafio-al-rio-pinto","status":"publish","type":"post","link":"https:\/\/todoapulmon-rafaela.com\/index.php\/2019\/05\/06\/nutrida-participacion-rafaelina-en-el-desafio-al-rio-pinto\/","title":{"rendered":"Nutrida participaci\u00f3n rafaelina en el Desaf\u00edo al R\u00edo Pinto"},"content":{"rendered":"<p>Este domingo se corri\u00f3 la edici\u00f3n 24\u00b0 del Desaf\u00edo al R\u00edo Pinto, con 4800 inscriptos que transitaron el circuito de 85 km. con largada y llegada en La Cumbre, pasando por San Marcos Sierras y otras poblaciones aleda\u00f1as.<br \/>\nEl ganador fue el catamarque\u00f1o \u00c1lvaro Mac\u00edas y entre los participantes dijo presente el exnadador cordob\u00e9s Jos\u00e9 Meolans, quien actualmente es un aficionado de la disciplina. Una nutrida cantidad de bikers de nuestra ciudad se dio cita en la competencia. La organizaci\u00f3n llev\u00f3 a cabo controles controles antidoping antes de la carrera.<br \/>\nMac\u00edas, de la categor\u00eda Profesional Masculina, tambi\u00e9n domin\u00f3 el clasificador general de la carrera, con un tiempo de 02h 48\u2019 35\/000, y un promedio de 30.252 Km\/h.\u00a0 El 2do. en la general fue Gonzalo Trotta,\u00a0de Berisso, Buenos Aires, quien se hab\u00eda impuesto entre los M\u00e1ster A2; y\u00a0luego se ubic\u00f3 Claudio Mart\u00ednez, de Quequ\u00e9n, Buenos Aires (2do. de la M\u00e1ster A2.<\/p>\n<p>Entre las mujeres, la ganadora fue la pampena de Gral. Pico, Y\u00e9sica Andr\u00e9s Cantelmi, que emple\u00f3 03h 19\u2019 38\/000, con un promedio de 25.547 Km\/h.; 2da. fue Mar\u00eda Lourdes de Mar del Plata y 3ra. Erminda \u201cMindy\u201d Marcau, de Merlo, San Luis.<\/p>\n<p>De nuestra ciudad, por tiempos y por ende en la clasificaci\u00f3n general, los mejores fueron Nicol\u00e1s Antorena (chubutense que lleva algunos a\u00f1os radicado en Rafaela), Mauro Agostini (que tuvo su primer R\u00edo Pinto) y Germ\u00e1n Leandri. En damas, Gisela Catt\u00e1neo.<\/p>\n<p>Estas fueron las posiciones de los bikers de Rafaela y poblaciones aleda\u00f1as:<\/p>\n<p>DAMAS<\/p>\n<p>Gisela Catt\u00e1neo: 34\u00aa general y 11\u00aa en damas A en 3h46m36s.<\/p>\n<p>Rosal\u00eda Gentinetta: 70\u00aa general y 4\u00aa en damas C en 3h57m55s.<\/p>\n<p>Luisina Simondi: 88\u00aa general y 14\u00aa en damas Elite en 4h01m59s.<\/p>\n<p>VARONES<\/p>\n<p>Nicol\u00e1s Antorena: 21\u00ba general y 13\u00ba en Pro en 2h53m53s.<\/p>\n<p>Mauro Agostini: 34\u00ba general y 15\u00ba en Pro con 2h55m45s.<\/p>\n<p>Germ\u00e1n Leandri: 88\u00ba general y 13\u00ba en Elite con 3h00m44s.<\/p>\n<p>Mat\u00edas Dominino: 166\u00ba general y 26\u00ba A2 en 3h06m9s.<\/p>\n<p>Julio Sol\u00f3rzano: 244\u00ba general y 45\u00ba Pro en 3h10m32s.<\/p>\n<p>Edgardo Rasetto: 262\u00ba general y 47\u00ba Pro en 3h11m34s.<\/p>\n<p>Cristian Pernuzzi: 293\u00ba en la general y 12\u00ba en juveniles en 3h13m20s.<\/p>\n<p>Joaqu\u00edn Roca: 496\u00ba general y 76\u00ba B1 en 3h23m23s.<\/p>\n<p>Diego Compagnucci: 525\u00ba general y 82\u00ba B1 en 3h24m30s.<\/p>\n<p>C\u00e9sar Bonetto: 539\u00ba general y 53\u00ba B2 en 3h24m58s.<\/p>\n<p>Fernando Simondi: 788\u00ba general y 57\u00ba C1 en 3h33m12s.<\/p>\n<p>Rafael Palmucci: 954\u00ba en la general y 163\u00ba A2 en 3h38m27s.<\/p>\n<p>Walter Bravo: 1135 general y 81\u00ba Pro en 3h43m27s.<\/p>\n<p>Norberto Willener: 1143\u00ba general y 35\u00ba C2 en 3h43m44s.<\/p>\n<p>Cristian Saccavino: 1282\u00ba general y 171\u00ba en B2 en 3h48m05s.<\/p>\n<p>Fabi\u00e1n Moneghessi: 1523\u00ba general y 58\u00ba C2 en 3h56m04s.<\/p>\n<p>Luis Valvo: 1543\u00ba general y 138\u00ba C1 en 3h56m48s.<\/p>\n<p>Rafael Sangalli: 1824\u00ba en la general y 343\u00ba B1 en 4h05m08s.<\/p>\n<p>Antonio Sabellotti. 1866\u00ba en general y 140\u00ba Elite en 4h06m46s.<\/p>\n<p>Jos\u00e9 M. Williner: 1897\u00ba general y 239\u00ba A1 en 4h07m39s.<\/p>\n<p>Gerardo Albrecht: 1945\u00ba general y 204\u00ba C1 en 4h09m29s.<\/p>\n<p>Alejandro Torres: 2248\u00ba general y 432\u00ba B1 en 4h20m33s.<\/p>\n<p>Marcelo Stemphlet: 2318\u00ba general y 359\u00ba B2 en 4h23m50s.<\/p>\n<p>Andr\u00e9s Pedernera: 2439\u00ba general y 380\u00ba B2 en 4h28m29s.<\/p>\n<p>Marcelo Brasca: 2542\u00ba general y 132\u00ba C2 en 4h32m44s.<\/p>\n<p>Eduardo Cravero: 2673\u00ba general y 319\u00ba C1 en 4h38m28s.<\/p>\n<p>Agust\u00edn Mont\u00fa: 2806\u00ba general y 182\u00ba Elite en 4h44m16s.<\/p>\n<p>Luciano Caccia (Pte. Roca): 2888\u00ba general y 456\u00ba B2 en 4h49m21s.<\/p>\n<p>Marcelo Bultynch: 3002\u00ba general y 571\u00ba B1 en 4h55m35s.<\/p>\n<p>Javier Rouco Oliva: 3195\u00ba general y 396\u00ba C1 en 5h08m27s.<\/p>\n<p>Ricardo Croce: 3266\u00ba general y 116\u00ba en D1 en 5h14m39s.<\/p>\n<p>Fernando Castelli: 3410\u00ba general y 659\u00ba B1 en 5h28m10s.<\/p>\n<p>Jorge Sanmartino: 3533\u00ba general y 452\u00ba C1 en 5h44m23s.<\/p>\n","protected":false},"excerpt":{"rendered":"<p>Este domingo se corri\u00f3 la edici\u00f3n 24\u00b0 del Desaf\u00edo al R\u00edo Pinto, con 4800 inscriptos que transitaron el circuito de<\/p>\n","protected":false},"author":2,"featured_media":17261,"comment_status":"open","ping_status":"open","sticky":false,"template":"","format":"standard","meta":{"footnotes":""},"categories":[4,24],"tags":[],"class_list":["post-17260","post","type-post","status-publish","format-standard","has-post-thumbnail","hentry","category-ciclismo","category-noticias-destacadas"],"cc_featured_image_caption":{"caption_text":"","source_text":"","source_url":""},"_links":{"self":[{"href":"https:\/\/todoapulmon-rafaela.com\/index.php\/wp-json\/wp\/v2\/posts\/17260"}],"collection":[{"href":"https:\/\/todoapulmon-rafaela.com\/index.php\/wp-json\/wp\/v2\/posts"}],"about":[{"href":"https:\/\/todoapulmon-rafaela.com\/index.php\/wp-json\/wp\/v2\/types\/post"}],"author":[{"embeddable":true,"href":"https:\/\/todoapulmon-rafaela.com\/index.php\/wp-json\/wp\/v2\/users\/2"}],"replies":[{"embeddable":true,"href":"https:\/\/todoapulmon-rafaela.com\/index.php\/wp-json\/wp\/v2\/comments?post=17260"}],"version-history":[{"count":2,"href":"https:\/\/todoapulmon-rafaela.com\/index.php\/wp-json\/wp\/v2\/posts\/17260\/revisions"}],"predecessor-version":[{"id":17263,"href":"https:\/\/todoapulmon-rafaela.com\/index.php\/wp-json\/wp\/v2\/posts\/17260\/revisions\/17263"}],"wp:featuredmedia":[{"embeddable":true,"href":"https:\/\/todoapulmon-rafaela.com\/index.php\/wp-json\/wp\/v2\/media\/17261"}],"wp:attachment":[{"href":"https:\/\/todoapulmon-rafaela.com\/index.php\/wp-json\/wp\/v2\/media?parent=17260"}],"wp:term":[{"taxonomy":"category","embeddable":true,"href":"https:\/\/todoapulmon-rafaela.com\/index.php\/wp-json\/wp\/v2\/categories?post=17260"},{"taxonomy":"post_tag","embeddable":true,"href":"https:\/\/todoapulmon-rafaela.com\/index.php\/wp-json\/wp\/v2\/tags?post=17260"}],"curies":[{"name":"wp","href":"https:\/\/api.w.org\/{rel}","templated":true}]}}