{"id":1725,"date":"2016-07-13T18:36:26","date_gmt":"2016-07-13T18:36:26","guid":{"rendered":"http:\/\/todoapulmon-rafaela.com\/?p=1725"},"modified":"2016-07-13T18:39:32","modified_gmt":"2016-07-13T18:39:32","slug":"andereggen-baja-por-lesion-en-crar","status":"publish","type":"post","link":"https:\/\/todoapulmon-rafaela.com\/index.php\/2016\/07\/13\/andereggen-baja-por-lesion-en-crar\/","title":{"rendered":"Andereggen, baja por lesi\u00f3n en CRAR"},"content":{"rendered":"<p>El C\u00edrculo Rafaelino de Rugby, luego de la quinta victoria consecutiva en el Torneo Regional del Litoral conseguida el s\u00e1bado frente a Logaritmo, perdi\u00f3 una pieza clave en el mejor momento en el certamen.<\/p>\n<p>El tercera l\u00ednea Agust\u00edn Andereggen sufri\u00f3 el desprendimiento parcial de retina en uno de sus ojos y deber\u00e1 ser intervenido en una Cl\u00ednica de Buenos Aires este jueves.<\/p>\n<p>\u00abFue por un golpe en el partido contra Santa Fe Rugby, que jugamos el 25 de junio. Tuve un chich\u00f3n en la frente y el hematoma me baj\u00f3 al ojo. Y cuando un hematoma se retira, suele producirse este tipo de lesiones. No tengo un desprendimiento completo, pero s\u00ed una parte. Hoy me hace los controles el cirujano, ya estoy en Buenos Aires, y ma\u00f1ana me tienen que operar de urgencia porque si se deja estar eso se contin\u00faa desprendiendo y se vuelve mucho mas complicado\u00bb, nos cont\u00f3 \u00abAgu\u00bb sobre c\u00f3mo se produjo la lesi\u00f3n.<\/p>\n<p>Andereggen tuvo una gran evoluci\u00f3n en su juego tomando como referencia que empez\u00f3 a jugar al rugby hace muy pocos a\u00f1os, tras haber practicado previamente b\u00e1squet en el Club Ben Hur. En esta temporada\u00a0se hab\u00eda consolidado como titular a fuerza de muy buenos rendimientos y su ausencia obligar\u00e1 al Head Coach Diego Acosta a buscar otras alternativas en la posici\u00f3n para lo que resta de temporada, cuando CRAR se ubica sexto y est\u00e1 con muy firmes chances de lograr la clasificaci\u00f3n para jugar por el t\u00edtulo en la segunda fase.<\/p>\n","protected":false},"excerpt":{"rendered":"<p>El C\u00edrculo Rafaelino de Rugby, luego de la quinta victoria consecutiva en el Torneo Regional del Litoral conseguida el s\u00e1bado<\/p>\n","protected":false},"author":2,"featured_media":1729,"comment_status":"open","ping_status":"open","sticky":false,"template":"","format":"standard","meta":{"footnotes":""},"categories":[2],"tags":[],"class_list":["post-1725","post","type-post","status-publish","format-standard","has-post-thumbnail","hentry","category-rugby"],"cc_featured_image_caption":{"caption_text":"El tercera l\u00ednea Agust\u00edn Andereggen tuvo un desprendimiento parcial de retina.","source_text":"","source_url":""},"_links":{"self":[{"href":"https:\/\/todoapulmon-rafaela.com\/index.php\/wp-json\/wp\/v2\/posts\/1725"}],"collection":[{"href":"https:\/\/todoapulmon-rafaela.com\/index.php\/wp-json\/wp\/v2\/posts"}],"about":[{"href":"https:\/\/todoapulmon-rafaela.com\/index.php\/wp-json\/wp\/v2\/types\/post"}],"author":[{"embeddable":true,"href":"https:\/\/todoapulmon-rafaela.com\/index.php\/wp-json\/wp\/v2\/users\/2"}],"replies":[{"embeddable":true,"href":"https:\/\/todoapulmon-rafaela.com\/index.php\/wp-json\/wp\/v2\/comments?post=1725"}],"version-history":[{"count":2,"href":"https:\/\/todoapulmon-rafaela.com\/index.php\/wp-json\/wp\/v2\/posts\/1725\/revisions"}],"predecessor-version":[{"id":1728,"href":"https:\/\/todoapulmon-rafaela.com\/index.php\/wp-json\/wp\/v2\/posts\/1725\/revisions\/1728"}],"wp:featuredmedia":[{"embeddable":true,"href":"https:\/\/todoapulmon-rafaela.com\/index.php\/wp-json\/wp\/v2\/media\/1729"}],"wp:attachment":[{"href":"https:\/\/todoapulmon-rafaela.com\/index.php\/wp-json\/wp\/v2\/media?parent=1725"}],"wp:term":[{"taxonomy":"category","embeddable":true,"href":"https:\/\/todoapulmon-rafaela.com\/index.php\/wp-json\/wp\/v2\/categories?post=1725"},{"taxonomy":"post_tag","embeddable":true,"href":"https:\/\/todoapulmon-rafaela.com\/index.php\/wp-json\/wp\/v2\/tags?post=1725"}],"curies":[{"name":"wp","href":"https:\/\/api.w.org\/{rel}","templated":true}]}}