{"id":1721,"date":"2016-07-13T17:09:33","date_gmt":"2016-07-13T17:09:33","guid":{"rendered":"http:\/\/todoapulmon-rafaela.com\/?p=1721"},"modified":"2016-07-13T17:11:02","modified_gmt":"2016-07-13T17:11:02","slug":"nadadores-rafaelinos-destacados-en-parana","status":"publish","type":"post","link":"https:\/\/todoapulmon-rafaela.com\/index.php\/2016\/07\/13\/nadadores-rafaelinos-destacados-en-parana\/","title":{"rendered":"Nadadores rafaelinos destacados en Paran\u00e1"},"content":{"rendered":"<p class=\"x_MsoNormal\" align=\"left\">El s\u00e1bado 9 de julio, en el Club Atl\u00e9tico Estudiantes de Paran\u00e1, se disput\u00f3 la primera edici\u00f3n de la competencia de \u201cAlta Resistencia 2016\u201d. Sportivo Ben Hur de nuestra ciudad estuvo presente con dos equipos.<\/p>\n<p class=\"x_MsoNormal\" align=\"left\">El certamen, para nadadores aficionados, consisti\u00f3 en una prueba de una hora de nado continuo en equipos de cuatro integrantes, participando del mismo m\u00e1s de 20 postas. Bajo las directivas del entrenador Joaqu\u00edn \u00c1vila, la BH present\u00f3 dos equipos, el primero integrado por: Luc\u00eda Mandrile, Juan Pablo Nani, Cristian Berrino y Gabriel Dana.<\/p>\n<p class=\"x_MsoNormal\" align=\"left\">En tanto, el segundo conformado por: H\u00e9ctor Picard, Andr\u00e9s Amherdt, Ver\u00f3nica Abrate y Evelin Olivero. Ambos se ubicaron dentro de la categor\u00eda C-hasta 180 a\u00f1os Mixto, obteniendo el 1er y 2do puesto respectivamente.<\/p>\n<p class=\"x_MsoNormal\" align=\"left\">PARTICIPACION SUNCHALENSE-RAFAELINA<\/p>\n<p class=\"x_MsoNormal\" align=\"left\">\u00a0En el mismo certamen estuvo presente la delegaci\u00f3n de Uni\u00f3n de Sunchales, en la cual se desempe\u00f1\u00f3 el rafaelino David Cipolatti, del equipo de Viviana Malano de nuestra ciudad.<\/p>\n<p class=\"x_MsoNormal\" align=\"left\">David Cipolatti integr\u00f3 escuadra junto a Luis Modini , Nicol\u00e1s Miretti y Hern\u00e1n Bergesio. Dicho equipo\u00a0<span class=\"text_exposed_show\">lider\u00f3 no solo la categor\u00eda sino la general de varones qued\u00e1ndose con el primer puesto y en la general del torneo se ubic\u00f3 2\u00ba, detr\u00e1s de un grupo mixto federado.<\/span><\/p>\n<p class=\"x_MsoNormal\" align=\"left\">Otro equipo participante estuvo integrado por: Daniel Ambroggio, Marcelo Prono, Esteban Aguirre y Uriel Nicola, quienes se ubicaron en el 3\u00ba puesto de la categor\u00eda.\u00a0En el podio tambi\u00e9n estuvo, en el 3\u00ba puesto, otro equipo de relevos de la nataci\u00f3n del CAU, en este caso en la categor\u00eda mixta: Martin Montalbetti, Antonella Rambaudo, Enrique Maggi y Marisol Assone.<\/p>\n<p class=\"x_MsoNormal\" align=\"left\"><img loading=\"lazy\" decoding=\"async\" class=\"alignnone size-medium wp-image-1723\" src=\"http:\/\/todoapulmon-rafaela.com\/wp-content\/uploads\/2016\/07\/13627219_1207531125935595_2219953206495224944_n-300x225.jpg\" alt=\"13627219_1207531125935595_2219953206495224944_n\" width=\"300\" height=\"225\" srcset=\"https:\/\/todoapulmon-rafaela.com\/wp-content\/uploads\/2016\/07\/13627219_1207531125935595_2219953206495224944_n-300x225.jpg 300w, https:\/\/todoapulmon-rafaela.com\/wp-content\/uploads\/2016\/07\/13627219_1207531125935595_2219953206495224944_n-768x576.jpg 768w, https:\/\/todoapulmon-rafaela.com\/wp-content\/uploads\/2016\/07\/13627219_1207531125935595_2219953206495224944_n.jpg 960w\" sizes=\"(max-width: 300px) 100vw, 300px\" \/><\/p>\n<p class=\"x_MsoNormal\" align=\"left\">\n","protected":false},"excerpt":{"rendered":"<p>El s\u00e1bado 9 de julio, en el Club Atl\u00e9tico Estudiantes de Paran\u00e1, se disput\u00f3 la primera edici\u00f3n de la competencia<\/p>\n","protected":false},"author":2,"featured_media":1722,"comment_status":"open","ping_status":"open","sticky":false,"template":"","format":"standard","meta":{"footnotes":""},"categories":[1],"tags":[],"class_list":["post-1721","post","type-post","status-publish","format-standard","has-post-thumbnail","hentry","category-sin-categoria"],"cc_featured_image_caption":{"caption_text":"Los dos equipos de Ben Hur en el certamen (foto prensa Ben Hur).","source_text":"","source_url":""},"_links":{"self":[{"href":"https:\/\/todoapulmon-rafaela.com\/index.php\/wp-json\/wp\/v2\/posts\/1721"}],"collection":[{"href":"https:\/\/todoapulmon-rafaela.com\/index.php\/wp-json\/wp\/v2\/posts"}],"about":[{"href":"https:\/\/todoapulmon-rafaela.com\/index.php\/wp-json\/wp\/v2\/types\/post"}],"author":[{"embeddable":true,"href":"https:\/\/todoapulmon-rafaela.com\/index.php\/wp-json\/wp\/v2\/users\/2"}],"replies":[{"embeddable":true,"href":"https:\/\/todoapulmon-rafaela.com\/index.php\/wp-json\/wp\/v2\/comments?post=1721"}],"version-history":[{"count":1,"href":"https:\/\/todoapulmon-rafaela.com\/index.php\/wp-json\/wp\/v2\/posts\/1721\/revisions"}],"predecessor-version":[{"id":1724,"href":"https:\/\/todoapulmon-rafaela.com\/index.php\/wp-json\/wp\/v2\/posts\/1721\/revisions\/1724"}],"wp:featuredmedia":[{"embeddable":true,"href":"https:\/\/todoapulmon-rafaela.com\/index.php\/wp-json\/wp\/v2\/media\/1722"}],"wp:attachment":[{"href":"https:\/\/todoapulmon-rafaela.com\/index.php\/wp-json\/wp\/v2\/media?parent=1721"}],"wp:term":[{"taxonomy":"category","embeddable":true,"href":"https:\/\/todoapulmon-rafaela.com\/index.php\/wp-json\/wp\/v2\/categories?post=1721"},{"taxonomy":"post_tag","embeddable":true,"href":"https:\/\/todoapulmon-rafaela.com\/index.php\/wp-json\/wp\/v2\/tags?post=1721"}],"curies":[{"name":"wp","href":"https:\/\/api.w.org\/{rel}","templated":true}]}}