{"id":17149,"date":"2019-04-28T21:31:15","date_gmt":"2019-04-28T21:31:15","guid":{"rendered":"http:\/\/todoapulmon-rafaela.com\/?p=17149"},"modified":"2019-04-28T21:31:15","modified_gmt":"2019-04-28T21:31:15","slug":"un-nacional-muy-positivo-para-nuestros-atletas","status":"publish","type":"post","link":"https:\/\/todoapulmon-rafaela.com\/index.php\/2019\/04\/28\/un-nacional-muy-positivo-para-nuestros-atletas\/","title":{"rendered":"Un Nacional muy positivo para nuestros atletas"},"content":{"rendered":"<p>Finaliz\u00f3 este domingo el 99\u00b0 Campeonato Nacional de Mayores de Atletismo en Concepci\u00f3n del Uruguay, en el cual participaron atletas de nuestra ciudad entrenados por Ariel Magallanes.<\/p>\n<p>En las pruebas individuales, por la ma\u00f1ana Roc\u00edo Donnet fue cuarta en la final de 400 metros con vallas con un tiempo de 63s79\/100, su mejor marca personal. Consigui\u00f3 mejorar su registro luego de seis a\u00f1os, ya que en 2013 hab\u00eda establecido 64s43. La prueba fue ganada por Fiorela Chiappe (Metropolitana con 59s93), seguida por Valeria Bar\u00f3n (Misiones) y Candela Belaustegui (FAM).<\/p>\n<p>Adem\u00e1s, como ayer en la posta 4&#215;100, este domingo la representante del CEF 53 integr\u00f3 el equipo de Santa Fe que consigui\u00f3 la medalla de bronce en la posta 4&#215;400. Las otras tres integrantes fueron Roc\u00edo Perez, Roc\u00edo Ortiz y Guillermina Cossio. El tiempo fue de 4m02s15, detr\u00e1s de la FAM y Entre R\u00edos, que fueron primero y segundo respectivamente.<\/p>\n<p>En tanto, Franco Caravario tambi\u00e9n tuvo un buen torneo ya que logr\u00f3 el quinto puesto (desempate por nulos) en la final de salto en alto, obteniendo su mejor marca del a\u00f1o:1m 90. Ese mismo registro lo tuvieron otros tres atletas.<\/p>\n<p>La medalla de oro fue para Carlos Layoy, de Corrientes, con 2m14, plata para Tom\u00e1s Ferrari, de FAM, con 2m10 y el bronce para Renzo Cremaschi, de Mendoza, con los apuntados 1m90.<\/p>\n<p>Adem\u00e1s, la atleta Celina Harte, oriunda de San Jorge y que entrena con Ariel Magallanes en CRAS, logr\u00f3 la medalla de plata en salto en alto. Lo consigui\u00f3 con una marca de 1m65. El oro fue para Betsab\u00e9 P\u00e1ez (Entre R\u00edos) con 1m80. El bronce fue para Ana Sette (Buenos Aires) con 1m65.<\/p>\n<p>De tal modo, fue sin dudas un buen aporte el de nuestros atletas para el equipo de Santa Fe en el principal campeonato de atletismo de nuestro pa\u00eds.<\/p>\n<p><img loading=\"lazy\" decoding=\"async\" class=\"alignnone size-medium wp-image-17151\" src=\"http:\/\/todoapulmon-rafaela.com\/wp-content\/uploads\/2019\/04\/IMG-20190428-WA0001-225x300.jpg\" alt=\"IMG-20190428-WA0001\" width=\"225\" height=\"300\" srcset=\"https:\/\/todoapulmon-rafaela.com\/wp-content\/uploads\/2019\/04\/IMG-20190428-WA0001-225x300.jpg 225w, https:\/\/todoapulmon-rafaela.com\/wp-content\/uploads\/2019\/04\/IMG-20190428-WA0001.jpg 948w\" sizes=\"(max-width: 225px) 100vw, 225px\" \/><img loading=\"lazy\" decoding=\"async\" class=\"alignnone size-medium wp-image-17152\" src=\"http:\/\/todoapulmon-rafaela.com\/wp-content\/uploads\/2019\/04\/IMG-20190428-WA0009-300x225.jpg\" alt=\"IMG-20190428-WA0009\" width=\"300\" height=\"225\" srcset=\"https:\/\/todoapulmon-rafaela.com\/wp-content\/uploads\/2019\/04\/IMG-20190428-WA0009-300x225.jpg 300w, https:\/\/todoapulmon-rafaela.com\/wp-content\/uploads\/2019\/04\/IMG-20190428-WA0009.jpg 1264w\" sizes=\"(max-width: 300px) 100vw, 300px\" \/><\/p>\n","protected":false},"excerpt":{"rendered":"<p>Finaliz\u00f3 este domingo el 99\u00b0 Campeonato Nacional de Mayores de Atletismo en Concepci\u00f3n del Uruguay, en el cual participaron atletas<\/p>\n","protected":false},"author":2,"featured_media":17150,"comment_status":"open","ping_status":"open","sticky":false,"template":"","format":"standard","meta":{"footnotes":""},"categories":[7,24],"tags":[],"class_list":["post-17149","post","type-post","status-publish","format-standard","has-post-thumbnail","hentry","category-atletismo","category-noticias-destacadas"],"cc_featured_image_caption":{"caption_text":"Caravario, Donnet, Harte y Magallanes en Concepci\u00f3n del Uruguay (foto prensa CRAS).","source_text":"","source_url":""},"_links":{"self":[{"href":"https:\/\/todoapulmon-rafaela.com\/index.php\/wp-json\/wp\/v2\/posts\/17149"}],"collection":[{"href":"https:\/\/todoapulmon-rafaela.com\/index.php\/wp-json\/wp\/v2\/posts"}],"about":[{"href":"https:\/\/todoapulmon-rafaela.com\/index.php\/wp-json\/wp\/v2\/types\/post"}],"author":[{"embeddable":true,"href":"https:\/\/todoapulmon-rafaela.com\/index.php\/wp-json\/wp\/v2\/users\/2"}],"replies":[{"embeddable":true,"href":"https:\/\/todoapulmon-rafaela.com\/index.php\/wp-json\/wp\/v2\/comments?post=17149"}],"version-history":[{"count":1,"href":"https:\/\/todoapulmon-rafaela.com\/index.php\/wp-json\/wp\/v2\/posts\/17149\/revisions"}],"predecessor-version":[{"id":17153,"href":"https:\/\/todoapulmon-rafaela.com\/index.php\/wp-json\/wp\/v2\/posts\/17149\/revisions\/17153"}],"wp:featuredmedia":[{"embeddable":true,"href":"https:\/\/todoapulmon-rafaela.com\/index.php\/wp-json\/wp\/v2\/media\/17150"}],"wp:attachment":[{"href":"https:\/\/todoapulmon-rafaela.com\/index.php\/wp-json\/wp\/v2\/media?parent=17149"}],"wp:term":[{"taxonomy":"category","embeddable":true,"href":"https:\/\/todoapulmon-rafaela.com\/index.php\/wp-json\/wp\/v2\/categories?post=17149"},{"taxonomy":"post_tag","embeddable":true,"href":"https:\/\/todoapulmon-rafaela.com\/index.php\/wp-json\/wp\/v2\/tags?post=17149"}],"curies":[{"name":"wp","href":"https:\/\/api.w.org\/{rel}","templated":true}]}}