{"id":17070,"date":"2019-04-20T17:06:28","date_gmt":"2019-04-20T17:06:28","guid":{"rendered":"http:\/\/todoapulmon-rafaela.com\/?p=17070"},"modified":"2019-04-20T23:49:22","modified_gmt":"2019-04-20T23:49:22","slug":"titulos-nacionales-de-marcha-en-20-km-para-sofia-kloster-y-juan-manuel-cano","status":"publish","type":"post","link":"https:\/\/todoapulmon-rafaela.com\/index.php\/2019\/04\/20\/titulos-nacionales-de-marcha-en-20-km-para-sofia-kloster-y-juan-manuel-cano\/","title":{"rendered":"T\u00edtulos nacionales de marcha en 20 km para Sof\u00eda Kloster y Juan Manuel Cano"},"content":{"rendered":"<p>Este s\u00e1bado se realiz\u00f3 en un circuito ubicado en la recta principal del aut\u00f3dromo \u00abCiudad de Rafaela\u00bb, el campeonato Nacional de Marcha Atl\u00e9tica sobre 20 km. y las Copas Nacionales de Marcha en las distancias de 10, 5 y 3 kil\u00f3metros, organizado por el CRAS y la Municipalidad de Rafaela, y con el aval de la Confederaci\u00f3n Argentina de Atletismo.<\/p>\n<p>Las pruebas tuvieron en la distancia central la victoria del santiague\u00f1o Juan Manuel Cano y la rafaelina Sof\u00eda Kloster. El tres veces ol\u00edmpico se impuso con un tiempo de 1h24m10s, quedando a apenas 10 segundos de la marca requerida para el Sudamericano de Lima. Sof\u00eda Kloster gan\u00f3 con un tiempo de 1h50m52s y si bien apuntaba a quebrar la marca nacional en la distancia, realiz\u00f3 una buena presentaci\u00f3n ante su gente que la acompa\u00f1\u00f3 a lo largo de todo el desarrollo, lo mismo que a los dem\u00e1s participantes locales.<\/p>\n<p>En una importante satisfacci\u00f3n para la entidad organizadora, cabe mencionar que CRAS gan\u00f3 la Copa Nacional de Marcha por equipos, segundo fue Florencio Varela y tercero Misiones.<\/p>\n<p>Las otras alegr\u00edas para la entidad anfitriona fueron con el bonaerense Jonathan Acevedo, segundo en 20.000 metros, la formose\u00f1a Mar\u00eda Majda, subcampeona en 10.000 metros U20, y con la juvenil Valentina Gasparotti, tercera en U16. Cabe recordar que Kloster, Acevedo y Majda son entrenados por Ariel Magallanes, mientras que Gasparotti es alumna de Leandro Bonamino.<\/p>\n<p>TODAS LAS CATEGORIAS<br \/>\n<strong>20.000mts hombres:<\/strong>\u00a01\u00b0 Juan Manuel Cano 1:24:10; 2\u00b0 Jonathan Acevedo 1:37:43.<br \/>\n<strong>20.000 mts mujeres:<\/strong>\u00a01\u00b0 Sof\u00eda Kloster 1:50:52; 2\u00b0 Silvia Dell Anno 2:41:46.<br \/>\n<strong>10.000 mts hombres U20:<\/strong>\u00a01\u00b0 Wilman Sullca Huamani 50:43:31; 2\u00b0Nicol\u00e1s Martinez 58:05:41, 3\u00b0 Santiago Gallegillo 1:02:43:25.<br \/>\n<strong>10.000 mts mujeres U20:<\/strong>\u00a01\u00b0 Brenda Palma Fernandez 52:41:42; 2\u00b0 Mar\u00eda del Rosario Majda 53:13:20; 3\u00b0 Martina Rayo 58:42:75.<br \/>\n<strong>10.000 mts hombres U18:<\/strong>\u00a01\u00b0 Gianluca Rosas 47:51:10; Sebasti\u00e1n Giuliani 48:31:92; 3\u00b0 Isaac Fleitas 56:02:43.<br \/>\n<strong>5.000 mts mujeres U18:<\/strong>\u00a01\u00b0 Maril\u00e9n Cabrera 32:32:87; 2\u00b0 Daniela Pasquali 33:48:54; 3\u00b0 Mar\u00eda de los Milagros Machado 48:06:00.<br \/>\n<strong>5000 mts hombres U16:<\/strong>\u00a01\u00b0 Alex Bobadilla 29:04:73; 2\u00b0 Amir Fern\u00e1ndez 29:27:37; 3\u00b0 William Arista 30:50:02.<br \/>\n<strong>3000mts mujeres U16:<\/strong>\u00a01\u00b0 Denise Soria 17:19:33; 2\u00b0 Dalila Rosa 19:26:40; 3\u00b0 Valentina Gasparotti 19:32:21.<br \/>\n<strong>Copa argentina de marcha:<\/strong>\u00a01\u00b0 puesto: CRAS 39 puntos; 2\u00b0 Florencio Varela 38 puntos, 3 Misiones 23.<\/p>\n<p>(Fotos en la Fan Page, Revista Todo a Pulm\u00f3n Rafaela).<\/p>\n<p><img loading=\"lazy\" decoding=\"async\" class=\"alignnone size-medium wp-image-17072\" src=\"http:\/\/todoapulmon-rafaela.com\/wp-content\/uploads\/2019\/04\/P1330859_resultado-300x225.jpg\" alt=\"P1330859_resultado\" width=\"300\" height=\"225\" srcset=\"https:\/\/todoapulmon-rafaela.com\/wp-content\/uploads\/2019\/04\/P1330859_resultado-300x225.jpg 300w, https:\/\/todoapulmon-rafaela.com\/wp-content\/uploads\/2019\/04\/P1330859_resultado.jpg 1600w\" sizes=\"(max-width: 300px) 100vw, 300px\" \/><img loading=\"lazy\" decoding=\"async\" class=\"alignnone size-medium wp-image-17073\" src=\"http:\/\/todoapulmon-rafaela.com\/wp-content\/uploads\/2019\/04\/P1330850_resultado-300x225.jpg\" alt=\"P1330850_resultado\" width=\"300\" height=\"225\" srcset=\"https:\/\/todoapulmon-rafaela.com\/wp-content\/uploads\/2019\/04\/P1330850_resultado-300x225.jpg 300w, https:\/\/todoapulmon-rafaela.com\/wp-content\/uploads\/2019\/04\/P1330850_resultado.jpg 1600w\" sizes=\"(max-width: 300px) 100vw, 300px\" \/><\/p>\n","protected":false},"excerpt":{"rendered":"<p>Este s\u00e1bado se realiz\u00f3 en un circuito ubicado en la recta principal del aut\u00f3dromo \u00abCiudad de Rafaela\u00bb, el campeonato Nacional<\/p>\n","protected":false},"author":2,"featured_media":17071,"comment_status":"open","ping_status":"open","sticky":false,"template":"","format":"standard","meta":{"footnotes":""},"categories":[7,24],"tags":[],"class_list":["post-17070","post","type-post","status-publish","format-standard","has-post-thumbnail","hentry","category-atletismo","category-noticias-destacadas"],"cc_featured_image_caption":{"caption_text":"","source_text":"","source_url":""},"_links":{"self":[{"href":"https:\/\/todoapulmon-rafaela.com\/index.php\/wp-json\/wp\/v2\/posts\/17070"}],"collection":[{"href":"https:\/\/todoapulmon-rafaela.com\/index.php\/wp-json\/wp\/v2\/posts"}],"about":[{"href":"https:\/\/todoapulmon-rafaela.com\/index.php\/wp-json\/wp\/v2\/types\/post"}],"author":[{"embeddable":true,"href":"https:\/\/todoapulmon-rafaela.com\/index.php\/wp-json\/wp\/v2\/users\/2"}],"replies":[{"embeddable":true,"href":"https:\/\/todoapulmon-rafaela.com\/index.php\/wp-json\/wp\/v2\/comments?post=17070"}],"version-history":[{"count":3,"href":"https:\/\/todoapulmon-rafaela.com\/index.php\/wp-json\/wp\/v2\/posts\/17070\/revisions"}],"predecessor-version":[{"id":17080,"href":"https:\/\/todoapulmon-rafaela.com\/index.php\/wp-json\/wp\/v2\/posts\/17070\/revisions\/17080"}],"wp:featuredmedia":[{"embeddable":true,"href":"https:\/\/todoapulmon-rafaela.com\/index.php\/wp-json\/wp\/v2\/media\/17071"}],"wp:attachment":[{"href":"https:\/\/todoapulmon-rafaela.com\/index.php\/wp-json\/wp\/v2\/media?parent=17070"}],"wp:term":[{"taxonomy":"category","embeddable":true,"href":"https:\/\/todoapulmon-rafaela.com\/index.php\/wp-json\/wp\/v2\/categories?post=17070"},{"taxonomy":"post_tag","embeddable":true,"href":"https:\/\/todoapulmon-rafaela.com\/index.php\/wp-json\/wp\/v2\/tags?post=17070"}],"curies":[{"name":"wp","href":"https:\/\/api.w.org\/{rel}","templated":true}]}}