{"id":17029,"date":"2019-04-16T14:55:40","date_gmt":"2019-04-16T14:55:40","guid":{"rendered":"http:\/\/todoapulmon-rafaela.com\/?p=17029"},"modified":"2019-04-16T14:55:40","modified_gmt":"2019-04-16T14:55:40","slug":"el-nacional-de-marcha-se-realiza-en-el-autodromo","status":"publish","type":"post","link":"https:\/\/todoapulmon-rafaela.com\/index.php\/2019\/04\/16\/el-nacional-de-marcha-se-realiza-en-el-autodromo\/","title":{"rendered":"El Nacional de Marcha se realiza en el aut\u00f3dromo"},"content":{"rendered":"<p>Cambio de escenario para el\u00a0Campeonato Nacional de Marcha que se realizar\u00e1 el s\u00e1bado en Rafaela. Este martes se confirm\u00f3 que se disputar\u00e1 en el aut\u00f3dromo \u00abCiudad de Rafaela\u00bb y no en un circuito urbano ubicado en la Zona Sur de la ciudad, en las inmediaciones del Club Ciclista, como se hab\u00eda programado originalmente. El cambio se dio en los \u00faltimos d\u00edas, para tener una mejor organizaci\u00f3n log\u00edstica y porque el piso puede ser m\u00e1s beneficioso para las performances de los marchistas, ya que recordemos que se trata de la modalidad Ruta. El circuito ser\u00e1 de 1.000 metros en la recta principal, homologado por las autoridades pertinentes.<\/p>\n<p>En juego estar\u00e1 el Nacional para la distancia de 20 km., y la Copa Nacional de Marcha para las categor\u00edas U20 (10 km masculino y femenino), U18 (5 km femenino y 20 km. masculino) y U16 (3 km femenino y 5 km masculino).<\/p>\n<p>La organizaci\u00f3n estar\u00e1 a cargo del CRAS, con la fiscalizaci\u00f3n de la CADA. Estar\u00e1n presentes las mejores figuras de la disciplina en el \u00e1mbito nacional, l\u00f3gicamente entre ellas a la rafaelina Sof\u00eda Kloster, en tanto que en el plano masculino se inform\u00f3 la presencia del ol\u00edmpico Juan Manuel Cano, ya que estar\u00e1 el incentivo de la b\u00fasqueda de marcas para los Juegos Panamericanos de Lima.<\/p>\n<p>Las competencias sobre 10 y 20 kil\u00f3metros se iniciar\u00e1n a las 8.30, mientras que las de 3 y 5 km. ser\u00e1n desde las 11. Sin dudas se trata de un gran esfuerzo organizativo tanto de entrenadores como dirigentes del CRAS, que ojal\u00e1 se vea recompensado con un certamen con importantes marcas y \u00e9xito en las competencias, en particular para el buen n\u00famero de marchistas que cuenta la instituci\u00f3n.<\/p>\n","protected":false},"excerpt":{"rendered":"<p>Cambio de escenario para el\u00a0Campeonato Nacional de Marcha que se realizar\u00e1 el s\u00e1bado en Rafaela. Este martes se confirm\u00f3 que<\/p>\n","protected":false},"author":2,"featured_media":17030,"comment_status":"open","ping_status":"open","sticky":false,"template":"","format":"standard","meta":{"footnotes":""},"categories":[7,24],"tags":[],"class_list":["post-17029","post","type-post","status-publish","format-standard","has-post-thumbnail","hentry","category-atletismo","category-noticias-destacadas"],"cc_featured_image_caption":{"caption_text":"Tras las experiencias anteriores de running y trail, ahora el aut\u00f3dromo ser\u00e1 escenario de marcha atl\u00e9tica.","source_text":"","source_url":""},"_links":{"self":[{"href":"https:\/\/todoapulmon-rafaela.com\/index.php\/wp-json\/wp\/v2\/posts\/17029"}],"collection":[{"href":"https:\/\/todoapulmon-rafaela.com\/index.php\/wp-json\/wp\/v2\/posts"}],"about":[{"href":"https:\/\/todoapulmon-rafaela.com\/index.php\/wp-json\/wp\/v2\/types\/post"}],"author":[{"embeddable":true,"href":"https:\/\/todoapulmon-rafaela.com\/index.php\/wp-json\/wp\/v2\/users\/2"}],"replies":[{"embeddable":true,"href":"https:\/\/todoapulmon-rafaela.com\/index.php\/wp-json\/wp\/v2\/comments?post=17029"}],"version-history":[{"count":1,"href":"https:\/\/todoapulmon-rafaela.com\/index.php\/wp-json\/wp\/v2\/posts\/17029\/revisions"}],"predecessor-version":[{"id":17031,"href":"https:\/\/todoapulmon-rafaela.com\/index.php\/wp-json\/wp\/v2\/posts\/17029\/revisions\/17031"}],"wp:featuredmedia":[{"embeddable":true,"href":"https:\/\/todoapulmon-rafaela.com\/index.php\/wp-json\/wp\/v2\/media\/17030"}],"wp:attachment":[{"href":"https:\/\/todoapulmon-rafaela.com\/index.php\/wp-json\/wp\/v2\/media?parent=17029"}],"wp:term":[{"taxonomy":"category","embeddable":true,"href":"https:\/\/todoapulmon-rafaela.com\/index.php\/wp-json\/wp\/v2\/categories?post=17029"},{"taxonomy":"post_tag","embeddable":true,"href":"https:\/\/todoapulmon-rafaela.com\/index.php\/wp-json\/wp\/v2\/tags?post=17029"}],"curies":[{"name":"wp","href":"https:\/\/api.w.org\/{rel}","templated":true}]}}