{"id":16928,"date":"2019-04-11T16:25:22","date_gmt":"2019-04-11T16:25:22","guid":{"rendered":"http:\/\/todoapulmon-rafaela.com\/?p=16928"},"modified":"2019-04-11T16:25:22","modified_gmt":"2019-04-11T16:25:22","slug":"equipo-del-seleccionado-sub-16-definido-con-presencias-rafaelinas","status":"publish","type":"post","link":"https:\/\/todoapulmon-rafaela.com\/index.php\/2019\/04\/11\/equipo-del-seleccionado-sub-16-definido-con-presencias-rafaelinas\/","title":{"rendered":"Equipo del seleccionado Sub 16 definido con presencias rafaelinas"},"content":{"rendered":"<p>Se dio a conocer la lista del seleccionado Sub 16 de la Asociaci\u00f3n Santafesina de Hockey que participar\u00e1 del Campeonato Argentino Ascenso en Misiones, a fines de junio (27 al 30). El entrenador de CRAR, Fabi\u00e1n Montesano, est\u00e1 a cargo de este combinado que con casi tres meses de antelaci\u00f3n defini\u00f3 su plantel, sujeto a situaciones de hipot\u00e9ticas lesiones o rendimientos que pudieran modificarla.<\/p>\n<p>Entre las 20 jugadoras designadas estar\u00e1n Guillermina Astudillo y Sof\u00eda Bolea, del CRAR, quienes el a\u00f1o pasado tomaron parte del Argentino Sub 14 en Tucum\u00e1n.<\/p>\n<p>\u00abLa idea para este a\u00f1o fue doblar la apuesta, empezamos a entrenar con mucho tiempo antes. Conocemos a las jugadoras ya que las tuvimos trabajando en el proyecto de talentos del a\u00f1o pasado, entonces fue mucho m\u00e1s f\u00e1cil armar la lista. Tenemos programados muchos partidos para jugar y en este per\u00edodo de casi tres meses para seguir trabajando estaremos midi\u00e9ndonos con equipos de mayor nivel para buscar intensidad y acoplar bien el sistema de juego. La idea es entrenar dos veces a la semana en breve, domingos con partidos y lunes con correcciones y entrenamientos, en la b\u00fasqueda de llegar de la mejor manera para buscar el ascenso, algo que por muy poco no se dio el a\u00f1o pasado\u00bb, manifest\u00f3 Montesano sobre el trabajo implementado con este plantel.<\/p>\n<p>Este es el plantel del seleccionado:<\/p>\n<ol>\n<li>Astudillo Guillermina \u2013 CRAR<\/li>\n<li>Bolea Sof\u00eda \u2013 CRAR<\/li>\n<li>Bracamonte Lara \u2013 El Quill\u00e1<\/li>\n<li>Charvey Zoe \u2013 El Quill\u00e1<\/li>\n<li>Colli Delfina \u2013 SFRC<\/li>\n<li>Colman Valentina \u2013 El Quill\u00e1<\/li>\n<li>Garofalo Sof\u00eda \u2013 SFRC<\/li>\n<li>Gervasoni Bianca \u2013 Banco<\/li>\n<li>Gross Morena \u2013 Alma Jrs<\/li>\n<li>Juri Florencia \u2013 El Quill\u00e1<\/li>\n<li>Linari Martina \u2013 SFRC<\/li>\n<li>Nagel Guillermina \u2013 Alma Jrs<\/li>\n<li>Neville Jazm\u00edn \u2013 El Quill\u00e1<\/li>\n<li>Petruzzo Candela \u2013 Banco<\/li>\n<li>Pietroni Valentina \u2013 El Quill\u00e1<\/li>\n<li>Prieto Rosario \u2013 CRAI<\/li>\n<li>Riedel Camila \u2013 Alma Jrs<\/li>\n<li>Sandaza P\u00eda \u2013 SFRC<\/li>\n<li>Soto Payva Juana \u2013 La Salle<\/li>\n<li>Vicintini Agustina \u2013 Alma Jrs<\/li>\n<\/ol>\n<div>Entrenador: Montesano Fabi\u00e1n<\/div>\n<div>Asistente: Martegani Lorena<\/div>\n<div>Preparador F\u00edsico: Femenia Jos\u00e9<\/div>\n<div>Psicologa: Didone Delfina<\/div>\n<div>Jefa de Equipo: Assas Susana.<\/div>\n","protected":false},"excerpt":{"rendered":"<p>Se dio a conocer la lista del seleccionado Sub 16 de la Asociaci\u00f3n Santafesina de Hockey que participar\u00e1 del Campeonato<\/p>\n","protected":false},"author":2,"featured_media":16931,"comment_status":"open","ping_status":"open","sticky":false,"template":"","format":"standard","meta":{"footnotes":""},"categories":[3,24],"tags":[],"class_list":["post-16928","post","type-post","status-publish","format-standard","has-post-thumbnail","hentry","category-hockey","category-noticias-destacadas"],"cc_featured_image_caption":{"caption_text":"Fabi\u00e1n Montesano, entrenador del seleccionado Sub 16 damas de la ASH.","source_text":"","source_url":""},"_links":{"self":[{"href":"https:\/\/todoapulmon-rafaela.com\/index.php\/wp-json\/wp\/v2\/posts\/16928"}],"collection":[{"href":"https:\/\/todoapulmon-rafaela.com\/index.php\/wp-json\/wp\/v2\/posts"}],"about":[{"href":"https:\/\/todoapulmon-rafaela.com\/index.php\/wp-json\/wp\/v2\/types\/post"}],"author":[{"embeddable":true,"href":"https:\/\/todoapulmon-rafaela.com\/index.php\/wp-json\/wp\/v2\/users\/2"}],"replies":[{"embeddable":true,"href":"https:\/\/todoapulmon-rafaela.com\/index.php\/wp-json\/wp\/v2\/comments?post=16928"}],"version-history":[{"count":2,"href":"https:\/\/todoapulmon-rafaela.com\/index.php\/wp-json\/wp\/v2\/posts\/16928\/revisions"}],"predecessor-version":[{"id":16930,"href":"https:\/\/todoapulmon-rafaela.com\/index.php\/wp-json\/wp\/v2\/posts\/16928\/revisions\/16930"}],"wp:featuredmedia":[{"embeddable":true,"href":"https:\/\/todoapulmon-rafaela.com\/index.php\/wp-json\/wp\/v2\/media\/16931"}],"wp:attachment":[{"href":"https:\/\/todoapulmon-rafaela.com\/index.php\/wp-json\/wp\/v2\/media?parent=16928"}],"wp:term":[{"taxonomy":"category","embeddable":true,"href":"https:\/\/todoapulmon-rafaela.com\/index.php\/wp-json\/wp\/v2\/categories?post=16928"},{"taxonomy":"post_tag","embeddable":true,"href":"https:\/\/todoapulmon-rafaela.com\/index.php\/wp-json\/wp\/v2\/tags?post=16928"}],"curies":[{"name":"wp","href":"https:\/\/api.w.org\/{rel}","templated":true}]}}