{"id":16898,"date":"2019-04-09T13:17:14","date_gmt":"2019-04-09T13:17:14","guid":{"rendered":"http:\/\/todoapulmon-rafaela.com\/?p=16898"},"modified":"2019-04-09T13:17:14","modified_gmt":"2019-04-09T13:17:14","slug":"suenos-compartidos-a-8-445-kilometros-de-distancia","status":"publish","type":"post","link":"https:\/\/todoapulmon-rafaela.com\/index.php\/2019\/04\/09\/suenos-compartidos-a-8-445-kilometros-de-distancia\/","title":{"rendered":"Sue\u00f1os compartidos a 8.445 kil\u00f3metros de distancia"},"content":{"rendered":"<p>(Por Dar\u00edo Guti\u00e9rrez). Hace casi tres a\u00f1os, el 17 de abril de 2016, el seleccionado de la Uni\u00f3n Santafesina de Rugby lograba el ascenso a la Zona Campeonato del Argentino Juvenil en Tucum\u00e1n, al derrotar en la final a San Juan por 45 a 35. En ese partido, disputado en el Club Lince, jugaba como titular con el \u00ab1\u00bb Mayco Vivas.<br \/>\nEl s\u00e1bado 6 de abril de 2019, en Pretoria, Mayco jugaba su sexto partido como titular en el S\u00faper Rugby con Jaguares y la franquicia argentina se daba el gusto de ganar como visitante ante Bulls por 22 a 20, en la tercera victoria en Sud\u00e1frica en cuatro a\u00f1os disputando el torneo.<br \/>\nEl mismo d\u00eda, cuando Vivas terminaba de jugar su partido, a 8.445 kil\u00f3metros de distancia tres chicos surgidos como \u00e9l del C\u00edrculo Rafaelino de Rugby, contribu\u00edan a que Santa Fe pudiera mantener otro a\u00f1o su lugar en la Zona Campeonato del Argentino, con la victoria en la cancha de SF Rugby a Mar del Plata por 40 a 25. Los terceras l\u00edneas Pedro Rubiolo y Gast\u00f3n Kerstens lo hac\u00edan como titulares, y posteriormente se sumaba Juan Ghizzoni, otro forward y primera l\u00ednea como Mayco.<br \/>\nPara algunos pueden ser simplemente fechas y resultados deportivos. Para unos cuantos, un proceso que viene consolid\u00e1ndose en el rugby juvenil del CRAR y que termin\u00f3 con otra camada aportando su granito de arena para que la Uni\u00f3n Santafesina permanezca entre los ocho mejores del pa\u00eds en este nivel.<br \/>\nDespu\u00e9s, lo que venga para los chicos ser\u00e1 cuesti\u00f3n de tiempo, de decisiones y de trabajo. En los p\u00e1rrafos iniciales la asociaci\u00f3n de lugares, nombres, fechas y resultados es para describir que siempre hay un camino inicial para todo. Despu\u00e9s, hay que transitarlo de acuerdo a los objetivos propios y luchar para llegar al final de la mejor manera.<\/p>\n","protected":false},"excerpt":{"rendered":"<p>(Por Dar\u00edo Guti\u00e9rrez). Hace casi tres a\u00f1os, el 17 de abril de 2016, el seleccionado de la Uni\u00f3n Santafesina de<\/p>\n","protected":false},"author":2,"featured_media":16899,"comment_status":"open","ping_status":"open","sticky":false,"template":"","format":"standard","meta":{"footnotes":""},"categories":[24,2],"tags":[],"class_list":["post-16898","post","type-post","status-publish","format-standard","has-post-thumbnail","hentry","category-noticias-destacadas","category-rugby"],"cc_featured_image_caption":{"caption_text":"","source_text":"","source_url":""},"_links":{"self":[{"href":"https:\/\/todoapulmon-rafaela.com\/index.php\/wp-json\/wp\/v2\/posts\/16898"}],"collection":[{"href":"https:\/\/todoapulmon-rafaela.com\/index.php\/wp-json\/wp\/v2\/posts"}],"about":[{"href":"https:\/\/todoapulmon-rafaela.com\/index.php\/wp-json\/wp\/v2\/types\/post"}],"author":[{"embeddable":true,"href":"https:\/\/todoapulmon-rafaela.com\/index.php\/wp-json\/wp\/v2\/users\/2"}],"replies":[{"embeddable":true,"href":"https:\/\/todoapulmon-rafaela.com\/index.php\/wp-json\/wp\/v2\/comments?post=16898"}],"version-history":[{"count":1,"href":"https:\/\/todoapulmon-rafaela.com\/index.php\/wp-json\/wp\/v2\/posts\/16898\/revisions"}],"predecessor-version":[{"id":16900,"href":"https:\/\/todoapulmon-rafaela.com\/index.php\/wp-json\/wp\/v2\/posts\/16898\/revisions\/16900"}],"wp:featuredmedia":[{"embeddable":true,"href":"https:\/\/todoapulmon-rafaela.com\/index.php\/wp-json\/wp\/v2\/media\/16899"}],"wp:attachment":[{"href":"https:\/\/todoapulmon-rafaela.com\/index.php\/wp-json\/wp\/v2\/media?parent=16898"}],"wp:term":[{"taxonomy":"category","embeddable":true,"href":"https:\/\/todoapulmon-rafaela.com\/index.php\/wp-json\/wp\/v2\/categories?post=16898"},{"taxonomy":"post_tag","embeddable":true,"href":"https:\/\/todoapulmon-rafaela.com\/index.php\/wp-json\/wp\/v2\/tags?post=16898"}],"curies":[{"name":"wp","href":"https:\/\/api.w.org\/{rel}","templated":true}]}}