{"id":16877,"date":"2019-04-08T11:35:03","date_gmt":"2019-04-08T11:35:03","guid":{"rendered":"http:\/\/todoapulmon-rafaela.com\/?p=16877"},"modified":"2019-04-08T11:38:04","modified_gmt":"2019-04-08T11:38:04","slug":"almagro-fue-segundo-y-atletico-tercero-en-el-grand-prix-sub-15","status":"publish","type":"post","link":"https:\/\/todoapulmon-rafaela.com\/index.php\/2019\/04\/08\/almagro-fue-segundo-y-atletico-tercero-en-el-grand-prix-sub-15\/","title":{"rendered":"Almagro fue segundo y Atl\u00e9tico tercero en el Grand Prix Sub 15"},"content":{"rendered":"<p>El s\u00e1bado se disput\u00f3 en el Club Uni\u00f3n de Sunchales el primer Grand Prix de la categor\u00eda Sub 15 de la Asociaci\u00f3n Rafaelina de Voley.<\/p>\n<p>El ganador fue el representativo local de Uni\u00f3n A, segundo fue Almagro Amarillo, tercero Atl\u00e9tico de Rafaela Celeste y cuarto Brown de San Vicente, en las principales posiciones del certamen que reuni\u00f3 a 10 equipos.<\/p>\n<p>Almagro se impuso a Uni\u00f3n B, Atl\u00e9tico Celeste y Brown de San Vicente por 2 a 0, perdiendo la final con el anfitri\u00f3n en un muy buen torneo. En tanto, Atl\u00e9tico de Rafaela con su elenco A le gan\u00f3 a Uni\u00f3n Blanco, cay\u00f3 ante Almagro Amarillo y super\u00f3 a Brown, 2 a 0.<\/p>\n<p>El equipo Blanco de la Crema, compuesto en su mayor\u00eda por jugadoras Sub 13, perdi\u00f3 los tres partidos que disput\u00f3 pero gan\u00f3 en juego, experiencia, comunicaci\u00f3n y trabajo en equipo.<\/p>\n","protected":false},"excerpt":{"rendered":"<p>El s\u00e1bado se disput\u00f3 en el Club Uni\u00f3n de Sunchales el primer Grand Prix de la categor\u00eda Sub 15 de<\/p>\n","protected":false},"author":2,"featured_media":16881,"comment_status":"open","ping_status":"open","sticky":false,"template":"","format":"standard","meta":{"footnotes":""},"categories":[24,16],"tags":[],"class_list":["post-16877","post","type-post","status-publish","format-standard","has-post-thumbnail","hentry","category-noticias-destacadas","category-voley"],"cc_featured_image_caption":{"caption_text":"Almagro Amarillo fue subcampe\u00f3n del primer Grand Prix Sub 15.","source_text":"","source_url":""},"_links":{"self":[{"href":"https:\/\/todoapulmon-rafaela.com\/index.php\/wp-json\/wp\/v2\/posts\/16877"}],"collection":[{"href":"https:\/\/todoapulmon-rafaela.com\/index.php\/wp-json\/wp\/v2\/posts"}],"about":[{"href":"https:\/\/todoapulmon-rafaela.com\/index.php\/wp-json\/wp\/v2\/types\/post"}],"author":[{"embeddable":true,"href":"https:\/\/todoapulmon-rafaela.com\/index.php\/wp-json\/wp\/v2\/users\/2"}],"replies":[{"embeddable":true,"href":"https:\/\/todoapulmon-rafaela.com\/index.php\/wp-json\/wp\/v2\/comments?post=16877"}],"version-history":[{"count":1,"href":"https:\/\/todoapulmon-rafaela.com\/index.php\/wp-json\/wp\/v2\/posts\/16877\/revisions"}],"predecessor-version":[{"id":16879,"href":"https:\/\/todoapulmon-rafaela.com\/index.php\/wp-json\/wp\/v2\/posts\/16877\/revisions\/16879"}],"wp:featuredmedia":[{"embeddable":true,"href":"https:\/\/todoapulmon-rafaela.com\/index.php\/wp-json\/wp\/v2\/media\/16881"}],"wp:attachment":[{"href":"https:\/\/todoapulmon-rafaela.com\/index.php\/wp-json\/wp\/v2\/media?parent=16877"}],"wp:term":[{"taxonomy":"category","embeddable":true,"href":"https:\/\/todoapulmon-rafaela.com\/index.php\/wp-json\/wp\/v2\/categories?post=16877"},{"taxonomy":"post_tag","embeddable":true,"href":"https:\/\/todoapulmon-rafaela.com\/index.php\/wp-json\/wp\/v2\/tags?post=16877"}],"curies":[{"name":"wp","href":"https:\/\/api.w.org\/{rel}","templated":true}]}}