{"id":16857,"date":"2019-04-07T00:14:54","date_gmt":"2019-04-07T00:14:54","guid":{"rendered":"http:\/\/todoapulmon-rafaela.com\/?p=16857"},"modified":"2019-04-07T00:14:54","modified_gmt":"2019-04-07T00:14:54","slug":"gran-actuacion-en-el-provincial-de-mayores","status":"publish","type":"post","link":"https:\/\/todoapulmon-rafaela.com\/index.php\/2019\/04\/07\/gran-actuacion-en-el-provincial-de-mayores\/","title":{"rendered":"Gran actuaci\u00f3n en el Provincial de Mayores"},"content":{"rendered":"<p>Se desarroll\u00f3 este s\u00e1bado en la pista sint\u00e9tica de Rosario el Campeonato Provincial de Mayores, U23 y U20 de atletismo, evaluativo para el Nacional de Mayores que se realizar\u00e1 en Concepci\u00f3n del Uruguay.<\/p>\n<p>Los atletas del CRAS tuvieron una destacada actuaci\u00f3n, con una numerosa delegaci\u00f3n.<\/p>\n<p>Del grupo entrenado por Ariel Magallanes, estas fueron las performances:<\/p>\n<p><strong>Sof\u00eda Kloster:<\/strong> primera en 10.000 metros marcha mayores con 52m47s.<\/p>\n<p><strong>Mar\u00eda del Rosario Majda:<\/strong> primera en 10.000 metros marcha U20 con 53m02s, nuevo r\u00e9cord provincial. Cabe mencionar que dicha atleta es oriunda de Formosa y desde el a\u00f1o pasado representa al Club Rafaelino de Atletismo.<\/p>\n<p><strong>Jonathan Acevedo:<\/strong> primer puesto en 10.000 metros marcha mayores con 47m50s.<\/p>\n<p><strong>Maximiliano Fagnola:<\/strong> primero en salto triple mayores con su mejor marca personal de 13m44.<\/p>\n<p><strong>Franco Caravario:<\/strong> primero en salto en alto mayores con 1m80.<\/p>\n<p><strong>Celina Harte:<\/strong> primera en salto en alto mayores con 1m65.<\/p>\n<p><strong>Josefina Benassi:<\/strong> segunda en salto triple mayores con 10m71.<\/p>\n<p><strong>Ezequiel Ku\u00f1ichek<\/strong>: tercero en salto con garrocha U20.<\/p>\n<p><strong>Pablo Pereyra<\/strong>: cuarto en lanzamiento del disco mayores con 29m50.<\/p>\n<p>Adem\u00e1s, representando al CEF 53 tambi\u00e9n se destacaron:<\/p>\n<p><strong>Roc\u00edo Donnet:<\/strong> primer puesto en 400 metros llanos y 400 metros con vallas mayores.<\/p>\n<p><strong>Alejo Pagaburu<\/strong>: primero en 400 metros llanos con mejor registro personal, 52s17, y primero en 400 metros con vallas.<\/p>\n<p>JUVENILES<\/p>\n<p>Tambi\u00e9n participaron cuatro atletas U18 en el torneo de U20, entrenados en el CRAS por Leandro Bonamino.<\/p>\n<p><strong>Virginia Abb\u00e1<\/strong> logr\u00f3 el segundo puesto en lanzamiento del martillo.<\/p>\n<p><strong>Valentina Aballay<\/strong> tambi\u00e9n fue subcampeona provincial, en 100 metros llanos con mejor marca personal, y en 200 metros llanos.<\/p>\n<p><strong>Valent\u00edn Menossi<\/strong> logr\u00f3 el tercer puesto en lanzamiento del martillo con su mejor registro personal y\u00a0 <strong>Gabriel Mayrata<\/strong> fue sexto en 1.500 metros llanos.<\/p>\n","protected":false},"excerpt":{"rendered":"<p>Se desarroll\u00f3 este s\u00e1bado en la pista sint\u00e9tica de Rosario el Campeonato Provincial de Mayores, U23 y U20 de atletismo,<\/p>\n","protected":false},"author":2,"featured_media":16858,"comment_status":"open","ping_status":"open","sticky":false,"template":"","format":"standard","meta":{"footnotes":""},"categories":[7,24],"tags":[],"class_list":["post-16857","post","type-post","status-publish","format-standard","has-post-thumbnail","hentry","category-atletismo","category-noticias-destacadas"],"cc_featured_image_caption":{"caption_text":"","source_text":"","source_url":""},"_links":{"self":[{"href":"https:\/\/todoapulmon-rafaela.com\/index.php\/wp-json\/wp\/v2\/posts\/16857"}],"collection":[{"href":"https:\/\/todoapulmon-rafaela.com\/index.php\/wp-json\/wp\/v2\/posts"}],"about":[{"href":"https:\/\/todoapulmon-rafaela.com\/index.php\/wp-json\/wp\/v2\/types\/post"}],"author":[{"embeddable":true,"href":"https:\/\/todoapulmon-rafaela.com\/index.php\/wp-json\/wp\/v2\/users\/2"}],"replies":[{"embeddable":true,"href":"https:\/\/todoapulmon-rafaela.com\/index.php\/wp-json\/wp\/v2\/comments?post=16857"}],"version-history":[{"count":1,"href":"https:\/\/todoapulmon-rafaela.com\/index.php\/wp-json\/wp\/v2\/posts\/16857\/revisions"}],"predecessor-version":[{"id":16859,"href":"https:\/\/todoapulmon-rafaela.com\/index.php\/wp-json\/wp\/v2\/posts\/16857\/revisions\/16859"}],"wp:featuredmedia":[{"embeddable":true,"href":"https:\/\/todoapulmon-rafaela.com\/index.php\/wp-json\/wp\/v2\/media\/16858"}],"wp:attachment":[{"href":"https:\/\/todoapulmon-rafaela.com\/index.php\/wp-json\/wp\/v2\/media?parent=16857"}],"wp:term":[{"taxonomy":"category","embeddable":true,"href":"https:\/\/todoapulmon-rafaela.com\/index.php\/wp-json\/wp\/v2\/categories?post=16857"},{"taxonomy":"post_tag","embeddable":true,"href":"https:\/\/todoapulmon-rafaela.com\/index.php\/wp-json\/wp\/v2\/tags?post=16857"}],"curies":[{"name":"wp","href":"https:\/\/api.w.org\/{rel}","templated":true}]}}