{"id":16781,"date":"2019-04-01T12:51:37","date_gmt":"2019-04-01T12:51:37","guid":{"rendered":"http:\/\/todoapulmon-rafaela.com\/?p=16781"},"modified":"2019-04-01T12:51:37","modified_gmt":"2019-04-01T12:51:37","slug":"santa-fe-con-presencias-rafaelinas-arranco-el-concentrado-venciendo-a-cordoba","status":"publish","type":"post","link":"https:\/\/todoapulmon-rafaela.com\/index.php\/2019\/04\/01\/santa-fe-con-presencias-rafaelinas-arranco-el-concentrado-venciendo-a-cordoba\/","title":{"rendered":"Santa Fe, con presencias rafaelinas, arranc\u00f3 el Concentrado venciendo a C\u00f3rdoba"},"content":{"rendered":"<p>Se inici\u00f3 este domingo el Concentrado del Argentino Juvenil en la ciudad de Santa Fe, con la disputa de la tercera y \u00faltima fecha de la fase clasificatoria.<\/p>\n<p class=\"jss515\">El seleccionado juvenil de la Uni\u00f3n Santafesina de Rugby super\u00f3 a su similar de la Uni\u00f3n Cordobesa por un ajustado 21 a 20, por la Zona A. En una jornada de mucho calor, el partido se disput\u00f3 en las instalaciones del Club Universitario. El pr\u00f3ximo rival ser\u00e1 Salta, el mi\u00e9rcoles a las 16.10 en cancha de CRAI, en la ronda del quinto al octavo puesto, en un duelo clave para intentar asegurar la permanencia.<\/p>\n<p class=\"jss515\">Tres jugadores del C\u00edrculo Rafaelino tuvieron acci\u00f3n en este encuentro. Fueron titulares Pedro Rubiolo y Gast\u00f3n Kerstens en la escuadra dirigida por Luciano Bord\u00f3n, y donde forma parte del cuerpo de colaboradores Diego Acosta. Por su parte, Juan Ghizzoni ingres\u00f3 en el segundo tiempo.<\/p>\n<p class=\"jss515\">El triunfo de Santa Fe se dio en los \u00faltimos minutos merced a un drop del back de Universitario de Santa Fe, Lucas Widmer, quien entr\u00f3 en el complemento.<\/p>\n<p class=\"jss515\"><strong>Santa Fe<\/strong> form\u00f3 con\u00a0Ger\u00f3nimo Gonz\u00e1lez Paya, Juan Chiozzi y Mateo Nu\u00f1ez; Pedro Rubiolo y Ulises Huber; Tom\u00e1s Schinner, Joaqu\u00edn Clausen y Gast\u00f3n Kertens; \u00a0Juan Cruz Strada y Juan Gonz\u00e1lez Viescas; Santiago Gorla, Gonz\u00e1lo Gigliotti, Francisco Eleuteri, Juan Fleitas y Juan Gonz\u00e1lez. Entrenador: Luciano Bord\u00f3n.<br \/>\nIngresaron: Bautista Galassi, Lucas Widmer, Mart\u00edn Barcel\u00f3, Bautista Gren\u00f3n, Juan Ghizzoni, \u00c1lvaro Carballo y Fabricio Silvestre.<\/p>\n","protected":false},"excerpt":{"rendered":"<p>Se inici\u00f3 este domingo el Concentrado del Argentino Juvenil en la ciudad de Santa Fe, con la disputa de la<\/p>\n","protected":false},"author":2,"featured_media":16792,"comment_status":"open","ping_status":"open","sticky":false,"template":"","format":"standard","meta":{"footnotes":""},"categories":[24,2],"tags":[],"class_list":["post-16781","post","type-post","status-publish","format-standard","has-post-thumbnail","hentry","category-noticias-destacadas","category-rugby"],"cc_featured_image_caption":{"caption_text":"El seleccionado de la USR que enfrent\u00f3 a C\u00f3rdoba (foto Franco Perego v\u00eda USR).","source_text":"","source_url":""},"_links":{"self":[{"href":"https:\/\/todoapulmon-rafaela.com\/index.php\/wp-json\/wp\/v2\/posts\/16781"}],"collection":[{"href":"https:\/\/todoapulmon-rafaela.com\/index.php\/wp-json\/wp\/v2\/posts"}],"about":[{"href":"https:\/\/todoapulmon-rafaela.com\/index.php\/wp-json\/wp\/v2\/types\/post"}],"author":[{"embeddable":true,"href":"https:\/\/todoapulmon-rafaela.com\/index.php\/wp-json\/wp\/v2\/users\/2"}],"replies":[{"embeddable":true,"href":"https:\/\/todoapulmon-rafaela.com\/index.php\/wp-json\/wp\/v2\/comments?post=16781"}],"version-history":[{"count":4,"href":"https:\/\/todoapulmon-rafaela.com\/index.php\/wp-json\/wp\/v2\/posts\/16781\/revisions"}],"predecessor-version":[{"id":16793,"href":"https:\/\/todoapulmon-rafaela.com\/index.php\/wp-json\/wp\/v2\/posts\/16781\/revisions\/16793"}],"wp:featuredmedia":[{"embeddable":true,"href":"https:\/\/todoapulmon-rafaela.com\/index.php\/wp-json\/wp\/v2\/media\/16792"}],"wp:attachment":[{"href":"https:\/\/todoapulmon-rafaela.com\/index.php\/wp-json\/wp\/v2\/media?parent=16781"}],"wp:term":[{"taxonomy":"category","embeddable":true,"href":"https:\/\/todoapulmon-rafaela.com\/index.php\/wp-json\/wp\/v2\/categories?post=16781"},{"taxonomy":"post_tag","embeddable":true,"href":"https:\/\/todoapulmon-rafaela.com\/index.php\/wp-json\/wp\/v2\/tags?post=16781"}],"curies":[{"name":"wp","href":"https:\/\/api.w.org\/{rel}","templated":true}]}}