{"id":16726,"date":"2019-03-29T02:26:14","date_gmt":"2019-03-29T02:26:14","guid":{"rendered":"http:\/\/todoapulmon-rafaela.com\/?p=16726"},"modified":"2019-03-29T02:31:15","modified_gmt":"2019-03-29T02:31:15","slug":"se-viene-jaguares-ante-chiefs-nuevamente-con-vivas-como-titular","status":"publish","type":"post","link":"https:\/\/todoapulmon-rafaela.com\/index.php\/2019\/03\/29\/se-viene-jaguares-ante-chiefs-nuevamente-con-vivas-como-titular\/","title":{"rendered":"Se viene Jaguares ante Chiefs, nuevamente con Vivas como titular"},"content":{"rendered":"<p>La s\u00e9ptima fecha del Super Rugby tendr\u00e1 nuevamente acci\u00f3n para los Jaguares, que tuvieron jornada libre el s\u00e1bado pasado. Y el pr\u00f3ximo compromiso ser\u00e1 ante Chiefs, en V\u00e9lez, este s\u00e1bado desde las 18:40 con la televisaci\u00f3n de ESPN. La principal novedad es la vuelta del capit\u00e1n, Jer\u00f3nimo de la Fuente en el equipo dirigido por Gonzalo Quesada, que tendr\u00e1 la quinta presentaci\u00f3n como titular del rafaelino Mayco Vivas en otras tantas convocatorias en la franquicia para este certamen.<\/p>\n<p>De la Fuente se recuper\u00f3 de una lesi\u00f3n en su hombro que lo tuvo m\u00e1s de un mes afuera de las canchas, su \u00faltimo partido fue contra Bulls por la fecha 2 del campeonato. Ingresa en lugar de Bautista Ezcurra.<\/p>\n<p>Pero adem\u00e1s, habr\u00e1 otros dos regresos de peso, para un total de tres variantes: Marcos Kremer se recuper\u00f3 a tiempo de una fractura incompleta en su mano izquierda y ocupar\u00e1 el lugar de Pablo Matera, en tanto, Emiliano Boffelli que tuvo un traumatismo en la cresta il\u00edaca sin lesi\u00f3n \u00f3sea, ingresa en reemplazo de Bautista Delguy que sufri\u00f3 la rotura del ligamento de su tobillo.<\/p>\n<p>En el banco de suplentes tambi\u00e9n habr\u00e1 buenas noticias, porque por primera vez en la temporada figura Nahuel Tetaz Chaparro, quien fue operado de su hombro en noviembre de 2018 y todav\u00eda no sum\u00f3 minutos oficiales. Adem\u00e1s, ser\u00e1 la vuelta al equipo de Felipe Ezcurra, tras las lesiones de Gonzalo Bertranou y Mart\u00edn Landajo, que lo dejan como primera opci\u00f3n por detr\u00e1s de Tom\u00e1s Cubelli.<\/p>\n<p>En tanto, Santiago Gonz\u00e1lez Iglesias ser\u00e1 la opci\u00f3n como apertura o primer centro y Mat\u00edas Orlando, tambi\u00e9n recuperado de una molestia en el tobillo, ser\u00e1 opci\u00f3n entre los backs.<\/p>\n<p><strong>JAGUARES:<\/strong>\u00a01-Mayco Vivas, 2-Juli\u00e1n Montoya, 3-Santiago Medrano, 4-Guido Petti, 5-Tom\u00e1s Lavanini, 6- Marcos Kremer, 7-Tom\u00e1s Lezana, 8-Javier Ortega Desio, 9-Tom\u00e1s Cubelli, 10-Joaqu\u00edn D\u00edaz Bonilla, 11-Emiliano Boffelli, 12- Jer\u00f3nimo de la Fuente, 13-Mat\u00edas Moroni, 14-Ramiro Moyano, 15-Joaqu\u00edn Tuculet.<\/p>\n<p><strong>Suplentes<\/strong>: 16- Gaspar Baldunciel, 17- Nahuel Tetaz Chaparro, 18- Enrique Pieretto, 19- Juan Leguizam\u00f3n, 20- Pablo Matera, 21- Felipe Ezcurra, 22- Santiago Gonz\u00e1lez Iglesias, 23- Mat\u00edas Orlando.<\/p>\n<p>(Fuente: Scrum).<\/p>\n","protected":false},"excerpt":{"rendered":"<p>La s\u00e9ptima fecha del Super Rugby tendr\u00e1 nuevamente acci\u00f3n para los Jaguares, que tuvieron jornada libre el s\u00e1bado pasado. Y<\/p>\n","protected":false},"author":2,"featured_media":16727,"comment_status":"open","ping_status":"open","sticky":false,"template":"","format":"standard","meta":{"footnotes":""},"categories":[24,2],"tags":[],"class_list":["post-16726","post","type-post","status-publish","format-standard","has-post-thumbnail","hentry","category-noticias-destacadas","category-rugby"],"cc_featured_image_caption":{"caption_text":"","source_text":"","source_url":""},"_links":{"self":[{"href":"https:\/\/todoapulmon-rafaela.com\/index.php\/wp-json\/wp\/v2\/posts\/16726"}],"collection":[{"href":"https:\/\/todoapulmon-rafaela.com\/index.php\/wp-json\/wp\/v2\/posts"}],"about":[{"href":"https:\/\/todoapulmon-rafaela.com\/index.php\/wp-json\/wp\/v2\/types\/post"}],"author":[{"embeddable":true,"href":"https:\/\/todoapulmon-rafaela.com\/index.php\/wp-json\/wp\/v2\/users\/2"}],"replies":[{"embeddable":true,"href":"https:\/\/todoapulmon-rafaela.com\/index.php\/wp-json\/wp\/v2\/comments?post=16726"}],"version-history":[{"count":4,"href":"https:\/\/todoapulmon-rafaela.com\/index.php\/wp-json\/wp\/v2\/posts\/16726\/revisions"}],"predecessor-version":[{"id":16731,"href":"https:\/\/todoapulmon-rafaela.com\/index.php\/wp-json\/wp\/v2\/posts\/16726\/revisions\/16731"}],"wp:featuredmedia":[{"embeddable":true,"href":"https:\/\/todoapulmon-rafaela.com\/index.php\/wp-json\/wp\/v2\/media\/16727"}],"wp:attachment":[{"href":"https:\/\/todoapulmon-rafaela.com\/index.php\/wp-json\/wp\/v2\/media?parent=16726"}],"wp:term":[{"taxonomy":"category","embeddable":true,"href":"https:\/\/todoapulmon-rafaela.com\/index.php\/wp-json\/wp\/v2\/categories?post=16726"},{"taxonomy":"post_tag","embeddable":true,"href":"https:\/\/todoapulmon-rafaela.com\/index.php\/wp-json\/wp\/v2\/tags?post=16726"}],"curies":[{"name":"wp","href":"https:\/\/api.w.org\/{rel}","templated":true}]}}