{"id":16721,"date":"2019-03-28T19:52:43","date_gmt":"2019-03-28T19:52:43","guid":{"rendered":"http:\/\/todoapulmon-rafaela.com\/?p=16721"},"modified":"2019-03-28T19:54:07","modified_gmt":"2019-03-28T19:54:07","slug":"maria-angelina-marchi-al-campamento-jr-nba","status":"publish","type":"post","link":"https:\/\/todoapulmon-rafaela.com\/index.php\/2019\/03\/28\/maria-angelina-marchi-al-campamento-jr-nba\/","title":{"rendered":"Mar\u00eda Angelina Marchi al Campamento Jr. NBA"},"content":{"rendered":"<p>Durante los d\u00edas 8, 9 y 10 de abril se llevar\u00e1 a cabo el nuevo Campamento Selectivo Jr. NBA en las instalaciones del CeNARD. El evento organizado por la National Basketball Association tendr\u00e1 actividad tanto como para mujeres como para hombres.<\/p>\n<p>En la rama femenina fue convocada Mar\u00eda Angelina Marchi, jugadora de Ben Hur de nuestra ciudad. La p\u00edvot categor\u00eda 2005 el a\u00f1o pasado fue protagonista del seleccionado de nuestra provincia en el campeonato argentino U13.<\/p>\n<p>De tal manera se mantiene la tradici\u00f3n benhurense de aportar jugadoras a estos prestigiosos eventos, reflejo del buen trabajo que se viene realizando en las Formativas con la disciplina.<\/p>\n<p>Las citadas son: Angelina Giaconne (Alba Argentina &#8211; Marciel), Abril Vernazza (Ben Hur &#8211; Rosario), Mar\u00eda Angelina Marchi (Ben Hur &#8211; Rafaela), Delfina Cergneux (Rocamora &#8211; Concepci\u00f3n del Uruguay), Clara Monta\u00f1ana (Parque Sur &#8211; Concepci\u00f3n del Uruguay), Maira Villanova (Central Entrerriano &#8211; Gualeguaych\u00fa), Lara Bel\u00e9n Guglielmi (Villa del Parque &#8211; Necochea), Constanza Marchioni (Pe\u00f1arol &#8211; Mar del Plata), Luz Andujar (Wilde &#8211; Wilde), Juana Amaya (Harrods &#8211; Capital Federal), Dagmar Hentschel (San Andr\u00e9s &#8211; Capital Federal) y Abril Kauer (Banda Norte &#8211; Rio Cuarto).<\/p>\n<p>En el apartado masculino, los elegidos para el Campamento NBA son: Juan Raspaud (Rocamora &#8211; Concepci\u00f3n del Uruguay), Tom\u00e1s Ortega (Germinal &#8211; Rawson), Tom\u00e1s Aguirrezabala (Villa Congreso), Facundo Wolinsky (River Plate &#8211; Capital Federal), Tob\u00edas Flosi (Estudiantil Porte\u00f1o &#8211; Capital Federal), Ceferino Paniagua (River Plate), Fernando Alsina (H\u00e9rcules &#8211; Corrientes), Tiago Drocezeski (Regatas &#8211; Resistencia), Lucas Giovanetti (Sportivo Escobar &#8211; Escobar), Mat\u00edas Zanotto (Bahiense del Norte &#8211; Bah\u00eda Blanca), Mart\u00edn Porrchoneg (Uni\u00f3n &#8211; Villa Crespo) y Santiago Candia (Bah\u00edense del Norte &#8211; Bah\u00eda Blanca).<\/p>\n","protected":false},"excerpt":{"rendered":"<p>Durante los d\u00edas 8, 9 y 10 de abril se llevar\u00e1 a cabo el nuevo Campamento Selectivo Jr. NBA en<\/p>\n","protected":false},"author":2,"featured_media":16722,"comment_status":"open","ping_status":"open","sticky":false,"template":"","format":"standard","meta":{"footnotes":""},"categories":[5,24],"tags":[],"class_list":["post-16721","post","type-post","status-publish","format-standard","has-post-thumbnail","hentry","category-basquet","category-noticias-destacadas"],"cc_featured_image_caption":{"caption_text":"","source_text":"","source_url":""},"_links":{"self":[{"href":"https:\/\/todoapulmon-rafaela.com\/index.php\/wp-json\/wp\/v2\/posts\/16721"}],"collection":[{"href":"https:\/\/todoapulmon-rafaela.com\/index.php\/wp-json\/wp\/v2\/posts"}],"about":[{"href":"https:\/\/todoapulmon-rafaela.com\/index.php\/wp-json\/wp\/v2\/types\/post"}],"author":[{"embeddable":true,"href":"https:\/\/todoapulmon-rafaela.com\/index.php\/wp-json\/wp\/v2\/users\/2"}],"replies":[{"embeddable":true,"href":"https:\/\/todoapulmon-rafaela.com\/index.php\/wp-json\/wp\/v2\/comments?post=16721"}],"version-history":[{"count":3,"href":"https:\/\/todoapulmon-rafaela.com\/index.php\/wp-json\/wp\/v2\/posts\/16721\/revisions"}],"predecessor-version":[{"id":16725,"href":"https:\/\/todoapulmon-rafaela.com\/index.php\/wp-json\/wp\/v2\/posts\/16721\/revisions\/16725"}],"wp:featuredmedia":[{"embeddable":true,"href":"https:\/\/todoapulmon-rafaela.com\/index.php\/wp-json\/wp\/v2\/media\/16722"}],"wp:attachment":[{"href":"https:\/\/todoapulmon-rafaela.com\/index.php\/wp-json\/wp\/v2\/media?parent=16721"}],"wp:term":[{"taxonomy":"category","embeddable":true,"href":"https:\/\/todoapulmon-rafaela.com\/index.php\/wp-json\/wp\/v2\/categories?post=16721"},{"taxonomy":"post_tag","embeddable":true,"href":"https:\/\/todoapulmon-rafaela.com\/index.php\/wp-json\/wp\/v2\/tags?post=16721"}],"curies":[{"name":"wp","href":"https:\/\/api.w.org\/{rel}","templated":true}]}}