{"id":16626,"date":"2019-03-19T12:12:48","date_gmt":"2019-03-19T12:12:48","guid":{"rendered":"http:\/\/todoapulmon-rafaela.com\/?p=16626"},"modified":"2019-03-19T12:48:37","modified_gmt":"2019-03-19T12:48:37","slug":"buena-participacion-de-bikers-locales-en-villa-allende","status":"publish","type":"post","link":"https:\/\/todoapulmon-rafaela.com\/index.php\/2019\/03\/19\/buena-participacion-de-bikers-locales-en-villa-allende\/","title":{"rendered":"Buena participaci\u00f3n de bikers locales en Villa Allende"},"content":{"rendered":"<p>Con buena participaci\u00f3n de bikers de nuestra regi\u00f3n se realiz\u00f3 el fin de semana el s\u00e9ptimo Rally Cerro Pan de Az\u00facar, en Villa Allende (C\u00f3rdoba), correspondiente al Campeonato de las Sierras Chicas. Luego de los 60 kil\u00f3metros de recorrido, estas fueron las principales ubicaciones de los representantes rafaelinos y susanenses:<\/p>\n<p><strong>Damas Pro:<\/strong> 4) Gisela Catt\u00e1neo en 2h28m46s, 6) Rosal\u00eda Gentinetta 2h35m50s.<\/p>\n<p><strong>Pro Elite<\/strong>: 5) Germ\u00e1n Leandri 2h01m58s.<\/p>\n<p><strong>Juveniles<\/strong>: 4) Cristian Pernuzzi en 2h05m17s.<\/p>\n<p><strong>Master A1<\/strong>: 36) Jos\u00e9 M. Williner.<\/p>\n<p><strong>Master A2<\/strong>: 11) Mat\u00edas Dominino 2h07m11s, 36) Rafael Palmucci.<\/p>\n<p><strong>Master B1:<\/strong> 7) Joaqu\u00edn Roca 2h07m, 12) Diego Compagnucci 2h10m, 39) Pablo Colucci (rafaelino radicado en Villa Carlos Paz).<\/p>\n<p><strong>Master B2:<\/strong> 4) Leonardo Gonzalez 2h04m14s, 13) C\u00e9sar Bogunovich 2h14m09s, 28) Walter Bogunovich, 35) Gabriel Ravasio, 38) Cristian Saccavino.<\/p>\n<p><strong>Master C1:<\/strong> 7) Oscar Avenda\u00f1o en 2h16m58s, 10) Fernando Simondi 2h23m14s, 14) Marcelo Ferrero.<\/p>\n<p><strong>Master C2:<\/strong> 3) Norberto Willener en 2h25m28s, 10) Avelino Bressan.<\/p>\n<figure id=\"attachment_16635\" aria-describedby=\"caption-attachment-16635\" style=\"width: 300px\" class=\"wp-caption alignnone\"><img loading=\"lazy\" decoding=\"async\" class=\"size-medium wp-image-16635\" src=\"http:\/\/todoapulmon-rafaela.com\/wp-content\/uploads\/2019\/03\/Cattaneo-podio-300x225.jpg\" alt=\"Gisela Catt\u00e1neo en el podio.\" width=\"300\" height=\"225\" srcset=\"https:\/\/todoapulmon-rafaela.com\/wp-content\/uploads\/2019\/03\/Cattaneo-podio-300x225.jpg 300w, https:\/\/todoapulmon-rafaela.com\/wp-content\/uploads\/2019\/03\/Cattaneo-podio.jpg 960w\" sizes=\"(max-width: 300px) 100vw, 300px\" \/><figcaption id=\"caption-attachment-16635\" class=\"wp-caption-text\">Gisela Catt\u00e1neo en el podio.<\/figcaption><\/figure>\n<div class=\"clearfix _o46 _3erg _29_7 direction_ltr text_align_ltr\">\n<div id=\"js_ag\" class=\"_3058 _ui9 _hh7 _6ybn _s1- _52mr _3oh-\">\n<div class=\"_aok\"><span class=\"_3oh- _58nk\">Estas son las clasificaciones completas:<\/span><\/div>\n<\/div>\n<\/div>\n<div class=\"clearfix _o46 _3erg _29_7 direction_ltr text_align_ltr _ylc\">\n<div id=\"js_16\" class=\"_3058 _ui9 _hh7 _6ybn _s1- _52mr _3oh-\">\n<div class=\"_aok\"><span class=\"_3oh- _58nk\"><a href=\"https:\/\/drive.google.com\/file\/d\/1uLvXI37_wi6L6RRyxFSl9TN_jU9GPDIa\/view?fbclid=IwAR1h5NDkesMnbxfizu0CRaoBZT_0hyfxnNHXb-Z3_hSVORQ77Fhr1_OTlPY\" target=\"_blank\" rel=\"nofollow noopener\">https:\/\/drive.google.com\/file\/d\/1uLvXI37_wi6L6RRyxFSl9TN_jU9GPDIa\/view?fbclid=IwAR2ZbeTg0m90eh6oEhDnUBgOCZmLLN_LFuPI2W-d6C4hEaZKjaPjvJ8ouUc<\/a><\/span><\/div>\n<\/div>\n<div class=\"_3058 _15gf\"><\/div>\n<\/div>\n<p>&nbsp;<\/p>\n","protected":false},"excerpt":{"rendered":"<p>Con buena participaci\u00f3n de bikers de nuestra regi\u00f3n se realiz\u00f3 el fin de semana el s\u00e9ptimo Rally Cerro Pan de<\/p>\n","protected":false},"author":2,"featured_media":16637,"comment_status":"open","ping_status":"open","sticky":false,"template":"","format":"standard","meta":{"footnotes":""},"categories":[4],"tags":[],"class_list":["post-16626","post","type-post","status-publish","format-standard","has-post-thumbnail","hentry","category-ciclismo"],"cc_featured_image_caption":{"caption_text":"Norberto Willener, uno de los protagonistas de nuestra ciudad, tercero en C2.","source_text":"","source_url":""},"_links":{"self":[{"href":"https:\/\/todoapulmon-rafaela.com\/index.php\/wp-json\/wp\/v2\/posts\/16626"}],"collection":[{"href":"https:\/\/todoapulmon-rafaela.com\/index.php\/wp-json\/wp\/v2\/posts"}],"about":[{"href":"https:\/\/todoapulmon-rafaela.com\/index.php\/wp-json\/wp\/v2\/types\/post"}],"author":[{"embeddable":true,"href":"https:\/\/todoapulmon-rafaela.com\/index.php\/wp-json\/wp\/v2\/users\/2"}],"replies":[{"embeddable":true,"href":"https:\/\/todoapulmon-rafaela.com\/index.php\/wp-json\/wp\/v2\/comments?post=16626"}],"version-history":[{"count":5,"href":"https:\/\/todoapulmon-rafaela.com\/index.php\/wp-json\/wp\/v2\/posts\/16626\/revisions"}],"predecessor-version":[{"id":16640,"href":"https:\/\/todoapulmon-rafaela.com\/index.php\/wp-json\/wp\/v2\/posts\/16626\/revisions\/16640"}],"wp:featuredmedia":[{"embeddable":true,"href":"https:\/\/todoapulmon-rafaela.com\/index.php\/wp-json\/wp\/v2\/media\/16637"}],"wp:attachment":[{"href":"https:\/\/todoapulmon-rafaela.com\/index.php\/wp-json\/wp\/v2\/media?parent=16626"}],"wp:term":[{"taxonomy":"category","embeddable":true,"href":"https:\/\/todoapulmon-rafaela.com\/index.php\/wp-json\/wp\/v2\/categories?post=16626"},{"taxonomy":"post_tag","embeddable":true,"href":"https:\/\/todoapulmon-rafaela.com\/index.php\/wp-json\/wp\/v2\/tags?post=16626"}],"curies":[{"name":"wp","href":"https:\/\/api.w.org\/{rel}","templated":true}]}}