{"id":16307,"date":"2019-02-21T21:46:52","date_gmt":"2019-02-21T21:46:52","guid":{"rendered":"http:\/\/todoapulmon-rafaela.com\/?p=16307"},"modified":"2019-02-21T21:46:52","modified_gmt":"2019-02-21T21:46:52","slug":"mayco-vivas-vuelve-a-ser-titular-en-jaguares","status":"publish","type":"post","link":"https:\/\/todoapulmon-rafaela.com\/index.php\/2019\/02\/21\/mayco-vivas-vuelve-a-ser-titular-en-jaguares\/","title":{"rendered":"Mayco Vivas vuelve a ser titular en Jaguares"},"content":{"rendered":"<p>Con el ingreso de Marcos Kremer y el debut en Jaguares de Tom\u00e1s Cubelli, Gonzalo Quesada defini\u00f3 el equipo que el s\u00e1bado recibe a los sudafricanos de Bulls, en V\u00e9lez, por la segunda fecha del Super Rugby. El rafaelino Mayco Vivas, de tal modo, ser\u00e1 nuevamente titular en la franquicia argentina.<\/p>\n<p>El tercera l\u00ednea reemplaza a Rodrigo Bruni, que pasa al banco, mientras que Cubelli tendr\u00e1 su presentaci\u00f3n con Jaguares, tras haber jugado dos temporadas en Brumbies. El ex jugador de Belgrano jugar\u00e1 en lugar de Gonzalo Bertranou, que sufri\u00f3 una luxaci\u00f3n traum\u00e1tica de su hombro derecho y deber\u00e1 realizarse estudios para determinar el grado de su lesi\u00f3n.<\/p>\n<p>El partido ser\u00e1 televisado por ESPN 2 e ESPN Play desde las 18 hs.<\/p>\n<p>La formaci\u00f3n ser\u00e1 entonces con: Mayco Vivas, Agust\u00edn Creevy y Santiago Medrano; Guido Petti y Tom\u00e1s Lavanini; Pablo Matera, Marcos Kremer y Javier Ortega Desio; Tom\u00e1s Cubelli y Joaqu\u00edn D\u00edaz Bonilla; Ramiro Moyano, Jer\u00f3nimo De la Fuente (c), Mat\u00edas Orlando, Bautista Delguy y Joaqu\u00edn Tuculet.<\/p>\n<p><em>El s\u00e1bado pasado fue nuestro primer partido a este nivel de intensidad. Pudimos ver que estamos a la altura del torneo y de los rivales con los que vamos a jugar. El partido lo perdimos solos, no hay excusas, tuvimos las oportunidades para ganarlo y no lo hicimos\u201d.<\/em><\/p>\n<p><em>\u201cCreemos que lo m\u00e1s inteligente es no hacer muchos cambios, darles confianza a los que vivieron el primer partido a este ritmo y darles continuidad\u201d,\u00a0<\/em><em>manifest\u00f3 Quesada en el sitio oficial de la franquicia.<\/em><\/p>\n","protected":false},"excerpt":{"rendered":"<p>Con el ingreso de Marcos Kremer y el debut en Jaguares de Tom\u00e1s Cubelli, Gonzalo Quesada defini\u00f3 el equipo que<\/p>\n","protected":false},"author":2,"featured_media":16308,"comment_status":"open","ping_status":"open","sticky":false,"template":"","format":"standard","meta":{"footnotes":""},"categories":[24,2],"tags":[],"class_list":["post-16307","post","type-post","status-publish","format-standard","has-post-thumbnail","hentry","category-noticias-destacadas","category-rugby"],"cc_featured_image_caption":{"caption_text":"","source_text":"","source_url":""},"_links":{"self":[{"href":"https:\/\/todoapulmon-rafaela.com\/index.php\/wp-json\/wp\/v2\/posts\/16307"}],"collection":[{"href":"https:\/\/todoapulmon-rafaela.com\/index.php\/wp-json\/wp\/v2\/posts"}],"about":[{"href":"https:\/\/todoapulmon-rafaela.com\/index.php\/wp-json\/wp\/v2\/types\/post"}],"author":[{"embeddable":true,"href":"https:\/\/todoapulmon-rafaela.com\/index.php\/wp-json\/wp\/v2\/users\/2"}],"replies":[{"embeddable":true,"href":"https:\/\/todoapulmon-rafaela.com\/index.php\/wp-json\/wp\/v2\/comments?post=16307"}],"version-history":[{"count":1,"href":"https:\/\/todoapulmon-rafaela.com\/index.php\/wp-json\/wp\/v2\/posts\/16307\/revisions"}],"predecessor-version":[{"id":16309,"href":"https:\/\/todoapulmon-rafaela.com\/index.php\/wp-json\/wp\/v2\/posts\/16307\/revisions\/16309"}],"wp:featuredmedia":[{"embeddable":true,"href":"https:\/\/todoapulmon-rafaela.com\/index.php\/wp-json\/wp\/v2\/media\/16308"}],"wp:attachment":[{"href":"https:\/\/todoapulmon-rafaela.com\/index.php\/wp-json\/wp\/v2\/media?parent=16307"}],"wp:term":[{"taxonomy":"category","embeddable":true,"href":"https:\/\/todoapulmon-rafaela.com\/index.php\/wp-json\/wp\/v2\/categories?post=16307"},{"taxonomy":"post_tag","embeddable":true,"href":"https:\/\/todoapulmon-rafaela.com\/index.php\/wp-json\/wp\/v2\/tags?post=16307"}],"curies":[{"name":"wp","href":"https:\/\/api.w.org\/{rel}","templated":true}]}}