{"id":16303,"date":"2019-02-21T11:27:31","date_gmt":"2019-02-21T11:27:31","guid":{"rendered":"http:\/\/todoapulmon-rafaela.com\/?p=16303"},"modified":"2019-02-21T11:27:53","modified_gmt":"2019-02-21T11:27:53","slug":"cada-vez-mas-vecinos-en-las-bicicleteadas-nocturnas","status":"publish","type":"post","link":"https:\/\/todoapulmon-rafaela.com\/index.php\/2019\/02\/21\/cada-vez-mas-vecinos-en-las-bicicleteadas-nocturnas\/","title":{"rendered":"Cada vez m\u00e1s vecinos en las bicicleteadas nocturnas"},"content":{"rendered":"<p>La noche del mi\u00e9rcoles convoc\u00f3 a ni\u00f1os, j\u00f3venes y adultos, que se sumaron a esta iniciativa disfrutando de la bicicleta como medio de movilidad sustentable.<\/p>\n<p>En el marco del programa #VeranoJuntos, se realiz\u00f3 una nueva bicicleteada con un recorrido de 9 kil\u00f3metros por calles, ciclov\u00edas y ciclocarriles de la ciudad.<\/p>\n<p>Con muy buena predisposici\u00f3n de todos los asistentes y un clima de entusiasmo, el punto de partida fue la Municipalidad de Rafaela a las 20:00 y finaliz\u00f3 en la Plaza 25 de Mayo a las 21:00, donde se realiz\u00f3 una clase de estiramiento y sorteos entre todos los participantes.<\/p>\n<p>La movilidad sustentable, es uno de los ejes que trabaja el Municipio de Rafaela junto al Instituto para el Desarrollo Sustentable (IDSR). Este tipo de actividades buscan promover que cada d\u00eda m\u00e1s personas elijan este medio de transporte para realizar sus traslados, ya que el uso de la bicicleta permite: cuidar el ambiente, descomprimir el tr\u00e1nsito en la ciudad y contribuir al cuidado de la salud, mientras se disfruta del aire libre y la actividad f\u00edsica.<\/p>\n<p>La directora del Instituto para el Desarrollo Sustentable, Mar\u00eda Paz Caruso, coment\u00f3: \u201cEs una actividad muy solicitada por los vecinos y eso se demuestra en la concurrencia y participaci\u00f3n que tenemos en cada edici\u00f3n\u201d.<\/p>\n<p>Adem\u00e1s, agreg\u00f3 que \u201cmuchos ciudadanos nos contaron que gracias a las bicicleteadas compraron la bici y comenzaron a utilizarla todos los d\u00edas para transportarse. Esto nos alegra saberlo, porque son los resultados del trabajo del municipio y de los ciudadanos en relaci\u00f3n al tema del ambiente y la movilidad sustentable en la ciudad\u201d.<\/p>\n<p>El intendente Luis Castellano, particip\u00f3 del recorrido y al inicio de la actividad se\u00f1al\u00f3: \u201cAgradecemos a la gente de Tour Bike por acompa\u00f1ar el recorrido, a Bici Peretti y Casa Delma por colaborar con los premios y de manera especial a todos los vecinos que participaron. Seguiremos trabajando en propuestas que promuevan una ciudad m\u00e1s sustentable\u201d.<\/p>\n<p>\u201cUna cantidad muy grande de gente que vino con su bicicleta, la familia, los chicos, los abuelos, los ciclistas. Es una forma de aprovechar los m\u00e1s de 22 kil\u00f3metros de ciclov\u00eda que tenemos, los espacios p\u00fablicos. Disfrutando la ciudad que es lo que queremos que el rafaelino haga\u201d, agreg\u00f3.<\/p>\n<p>\u201cY tambi\u00e9n generando conciencia para una vida m\u00e1s saludable a trav\u00e9s de la bicicleta, la caminata, la marat\u00f3n, todo lo que tiene que ver con el deporte y la vida sana para nosotros es un eje de trabajo. Cada a\u00f1o se va sumando m\u00e1s gente a usar la bici y creo que es una de las v\u00edas posibles con las que tenemos que seguir trabajando para mejorar el tr\u00e1nsito y en ese proceso estamos\u201d, finaliz\u00f3 el mandatario.<\/p>\n","protected":false},"excerpt":{"rendered":"<p>La noche del mi\u00e9rcoles convoc\u00f3 a ni\u00f1os, j\u00f3venes y adultos, que se sumaron a esta iniciativa disfrutando de la bicicleta<\/p>\n","protected":false},"author":2,"featured_media":16304,"comment_status":"open","ping_status":"open","sticky":false,"template":"","format":"standard","meta":{"footnotes":""},"categories":[4],"tags":[],"class_list":["post-16303","post","type-post","status-publish","format-standard","has-post-thumbnail","hentry","category-ciclismo"],"cc_featured_image_caption":{"caption_text":"","source_text":"","source_url":""},"_links":{"self":[{"href":"https:\/\/todoapulmon-rafaela.com\/index.php\/wp-json\/wp\/v2\/posts\/16303"}],"collection":[{"href":"https:\/\/todoapulmon-rafaela.com\/index.php\/wp-json\/wp\/v2\/posts"}],"about":[{"href":"https:\/\/todoapulmon-rafaela.com\/index.php\/wp-json\/wp\/v2\/types\/post"}],"author":[{"embeddable":true,"href":"https:\/\/todoapulmon-rafaela.com\/index.php\/wp-json\/wp\/v2\/users\/2"}],"replies":[{"embeddable":true,"href":"https:\/\/todoapulmon-rafaela.com\/index.php\/wp-json\/wp\/v2\/comments?post=16303"}],"version-history":[{"count":2,"href":"https:\/\/todoapulmon-rafaela.com\/index.php\/wp-json\/wp\/v2\/posts\/16303\/revisions"}],"predecessor-version":[{"id":16306,"href":"https:\/\/todoapulmon-rafaela.com\/index.php\/wp-json\/wp\/v2\/posts\/16303\/revisions\/16306"}],"wp:featuredmedia":[{"embeddable":true,"href":"https:\/\/todoapulmon-rafaela.com\/index.php\/wp-json\/wp\/v2\/media\/16304"}],"wp:attachment":[{"href":"https:\/\/todoapulmon-rafaela.com\/index.php\/wp-json\/wp\/v2\/media?parent=16303"}],"wp:term":[{"taxonomy":"category","embeddable":true,"href":"https:\/\/todoapulmon-rafaela.com\/index.php\/wp-json\/wp\/v2\/categories?post=16303"},{"taxonomy":"post_tag","embeddable":true,"href":"https:\/\/todoapulmon-rafaela.com\/index.php\/wp-json\/wp\/v2\/tags?post=16303"}],"curies":[{"name":"wp","href":"https:\/\/api.w.org\/{rel}","templated":true}]}}