{"id":16296,"date":"2019-02-20T12:44:47","date_gmt":"2019-02-20T12:44:47","guid":{"rendered":"http:\/\/todoapulmon-rafaela.com\/?p=16296"},"modified":"2019-02-20T12:44:47","modified_gmt":"2019-02-20T12:44:47","slug":"ciclistas-rafaelinos-en-el-argentino-juvenil-de-ruta","status":"publish","type":"post","link":"https:\/\/todoapulmon-rafaela.com\/index.php\/2019\/02\/20\/ciclistas-rafaelinos-en-el-argentino-juvenil-de-ruta\/","title":{"rendered":"Ciclistas rafaelinos en el Argentino Juvenil de ruta"},"content":{"rendered":"<p>Los d\u00edas 22, 23 y 24 de febrero se llevar\u00e1 a cabo el Campeonato Argentino de ciclismo de ruta para menores y juveniles en la ciudad rionegrina de Viedma.<\/p>\n<p>La delegaci\u00f3n de la ACCOS viaj\u00f3 el martes y aguarda con buenas expectativas este campeonato. Luego de una exigente preparaci\u00f3n, los representantes del Club Ciclista de Rafaela entrenados por Norberto y Daniel Capella est\u00e1n listos para intentar luchar por una medalla.<\/p>\n<p>Pedro Emmert, Yoel Vargas, Ezequiel Reisch, Santiago Lambert y Mat\u00edas Pernuzzi ser\u00e1n los pedalistas rafaelinos intervinientes, los dos primeros en la categor\u00eda junior, mientras que los restantes en la categor\u00eda 2003. Est\u00e1 previsto que todos, a excepci\u00f3n de Yoel, participen de la crono el viernes, mientras que los cinco har\u00e1n la prueba de pelot\u00f3n.<\/p>\n<p>En el caso de Emmert, quien viene siendo un destacado triatleta a nivel nacional en los \u00faltimos a\u00f1os, alternar\u00e1 en esta oportunidad con su regreso al ciclismo, una especialidad en la que tuvo las primeras competencias como infantil.<\/p>\n<p>La contrarreloj del viernes ser\u00e1 de 6 kil\u00f3metros en el caso de los 2003, a partir de las 15 horas, y de 18 km. para los m\u00e1s grandes desde las 17 horas, en la denominada Rotonda Balneario El C\u00f3ndor.<\/p>\n<p>El prueba en l\u00ednea para los chicos 2003 el domingo ser\u00e1 sobre 62 kil\u00f3metros, y para los juniors de 95 kil\u00f3metros, con desarrollo en el aut\u00f3dromo de Viedma.<\/p>\n","protected":false},"excerpt":{"rendered":"<p>Los d\u00edas 22, 23 y 24 de febrero se llevar\u00e1 a cabo el Campeonato Argentino de ciclismo de ruta para<\/p>\n","protected":false},"author":2,"featured_media":16297,"comment_status":"open","ping_status":"open","sticky":false,"template":"","format":"standard","meta":{"footnotes":""},"categories":[4,24],"tags":[],"class_list":["post-16296","post","type-post","status-publish","format-standard","has-post-thumbnail","hentry","category-ciclismo","category-noticias-destacadas"],"cc_featured_image_caption":{"caption_text":"","source_text":"","source_url":""},"_links":{"self":[{"href":"https:\/\/todoapulmon-rafaela.com\/index.php\/wp-json\/wp\/v2\/posts\/16296"}],"collection":[{"href":"https:\/\/todoapulmon-rafaela.com\/index.php\/wp-json\/wp\/v2\/posts"}],"about":[{"href":"https:\/\/todoapulmon-rafaela.com\/index.php\/wp-json\/wp\/v2\/types\/post"}],"author":[{"embeddable":true,"href":"https:\/\/todoapulmon-rafaela.com\/index.php\/wp-json\/wp\/v2\/users\/2"}],"replies":[{"embeddable":true,"href":"https:\/\/todoapulmon-rafaela.com\/index.php\/wp-json\/wp\/v2\/comments?post=16296"}],"version-history":[{"count":1,"href":"https:\/\/todoapulmon-rafaela.com\/index.php\/wp-json\/wp\/v2\/posts\/16296\/revisions"}],"predecessor-version":[{"id":16298,"href":"https:\/\/todoapulmon-rafaela.com\/index.php\/wp-json\/wp\/v2\/posts\/16296\/revisions\/16298"}],"wp:featuredmedia":[{"embeddable":true,"href":"https:\/\/todoapulmon-rafaela.com\/index.php\/wp-json\/wp\/v2\/media\/16297"}],"wp:attachment":[{"href":"https:\/\/todoapulmon-rafaela.com\/index.php\/wp-json\/wp\/v2\/media?parent=16296"}],"wp:term":[{"taxonomy":"category","embeddable":true,"href":"https:\/\/todoapulmon-rafaela.com\/index.php\/wp-json\/wp\/v2\/categories?post=16296"},{"taxonomy":"post_tag","embeddable":true,"href":"https:\/\/todoapulmon-rafaela.com\/index.php\/wp-json\/wp\/v2\/tags?post=16296"}],"curies":[{"name":"wp","href":"https:\/\/api.w.org\/{rel}","templated":true}]}}