{"id":16284,"date":"2019-02-18T23:55:35","date_gmt":"2019-02-18T23:55:35","guid":{"rendered":"http:\/\/todoapulmon-rafaela.com\/?p=16284"},"modified":"2019-02-18T23:55:35","modified_gmt":"2019-02-18T23:55:35","slug":"zeiter-fue-finalista-en-san-jorge","status":"publish","type":"post","link":"https:\/\/todoapulmon-rafaela.com\/index.php\/2019\/02\/18\/zeiter-fue-finalista-en-san-jorge\/","title":{"rendered":"Zeiter fue finalista en San Jorge"},"content":{"rendered":"<p>El fin de semana se disput\u00f3 el torneo Abierto (ex Grado 3) de la Liga de Tenis del Litoral en San Jorge, para distintas categor\u00edas, poniendo en marcha el calendario de competencias. El rafaelino Federico Zeiter fue finalista en Sub 18, su nueva categor\u00eda aunque ya el a\u00f1o pasado disput\u00f3 algunos torneos en la misma.<\/p>\n<p>Fueron 6 los protagonistas inscriptos. Tras ganar los dos partidos de su grupo, Fede venci\u00f3 en semifinales a Waldemar Castellanos (San Guillermo) por 6-7, 6-1 y 6-0, mientras que en la final perdi\u00f3 con Emir Buz\u00e1n (El Tr\u00e9bol) por 3-6, 6-2 y 7-6.<\/p>\n<p>Zeiter, que realiz\u00f3 la pretemporada en el Lawn Tenis Esperancino, est\u00e1 entrenando actualmente en Atl\u00e9tico con Mariano Fava y Claudio Faya.<\/p>\n","protected":false},"excerpt":{"rendered":"<p>El fin de semana se disput\u00f3 el torneo Abierto (ex Grado 3) de la Liga de Tenis del Litoral en<\/p>\n","protected":false},"author":2,"featured_media":11722,"comment_status":"open","ping_status":"open","sticky":false,"template":"","format":"standard","meta":{"footnotes":""},"categories":[24,6],"tags":[],"class_list":["post-16284","post","type-post","status-publish","format-standard","has-post-thumbnail","hentry","category-noticias-destacadas","category-tenis"],"cc_featured_image_caption":{"caption_text":"","source_text":"","source_url":""},"_links":{"self":[{"href":"https:\/\/todoapulmon-rafaela.com\/index.php\/wp-json\/wp\/v2\/posts\/16284"}],"collection":[{"href":"https:\/\/todoapulmon-rafaela.com\/index.php\/wp-json\/wp\/v2\/posts"}],"about":[{"href":"https:\/\/todoapulmon-rafaela.com\/index.php\/wp-json\/wp\/v2\/types\/post"}],"author":[{"embeddable":true,"href":"https:\/\/todoapulmon-rafaela.com\/index.php\/wp-json\/wp\/v2\/users\/2"}],"replies":[{"embeddable":true,"href":"https:\/\/todoapulmon-rafaela.com\/index.php\/wp-json\/wp\/v2\/comments?post=16284"}],"version-history":[{"count":1,"href":"https:\/\/todoapulmon-rafaela.com\/index.php\/wp-json\/wp\/v2\/posts\/16284\/revisions"}],"predecessor-version":[{"id":16285,"href":"https:\/\/todoapulmon-rafaela.com\/index.php\/wp-json\/wp\/v2\/posts\/16284\/revisions\/16285"}],"wp:featuredmedia":[{"embeddable":true,"href":"https:\/\/todoapulmon-rafaela.com\/index.php\/wp-json\/wp\/v2\/media\/11722"}],"wp:attachment":[{"href":"https:\/\/todoapulmon-rafaela.com\/index.php\/wp-json\/wp\/v2\/media?parent=16284"}],"wp:term":[{"taxonomy":"category","embeddable":true,"href":"https:\/\/todoapulmon-rafaela.com\/index.php\/wp-json\/wp\/v2\/categories?post=16284"},{"taxonomy":"post_tag","embeddable":true,"href":"https:\/\/todoapulmon-rafaela.com\/index.php\/wp-json\/wp\/v2\/tags?post=16284"}],"curies":[{"name":"wp","href":"https:\/\/api.w.org\/{rel}","templated":true}]}}