{"id":16222,"date":"2019-02-14T16:31:29","date_gmt":"2019-02-14T16:31:29","guid":{"rendered":"http:\/\/todoapulmon-rafaela.com\/?p=16222"},"modified":"2019-02-14T16:33:13","modified_gmt":"2019-02-14T16:33:13","slug":"sol-bike-volvio-a-su-casa","status":"publish","type":"post","link":"https:\/\/todoapulmon-rafaela.com\/index.php\/2019\/02\/14\/sol-bike-volvio-a-su-casa\/","title":{"rendered":"SOL BIKE volvi\u00f3 a su casa"},"content":{"rendered":"<div>El pasado 3 de febrero se inaugur\u00f3 el nuevo local de Bicicleter\u00eda Sol Bike en Av. Suipacha 437, que en realidad es la casa comercial de origen para la familia Solari, ampliamente reconocida en la ciudad dentro del rubro. Por eso, cuando dialogamos con su propietario Javier, nos menciona que \u00abes el local\u00bb, ya que \u00abera de mi pap\u00e1, tiene m\u00e1s de 50 a\u00f1os, con ventanas peque\u00f1as como era en aquella \u00e9poca, por eso lo tuvimos que adaptar y hubo que reformar absolutamente todo. La estructura del negocio tambi\u00e9n es otra, en relaci\u00f3n a 20 a\u00f1os atr\u00e1s cuando mi pap\u00e1 cerr\u00f3\u00bb.<\/div>\n<div>Sol Bike como marca tiene 15 a\u00f1os y en este momento complicado de la econom\u00eda argentina, Javier mencion\u00f3 que \u00abera un deseo tener el local propio y no tener que andar alquilando. Hoy volver ac\u00e1 es muy especial, porque Sol Bike se transforma como en la marca de la bicicleta pero volviendo a ser Bicicleter\u00eda Solari, tomando como referencia los or\u00edgenes\u00bb.<\/div>\n<div>Sobre los objetivos que se proponen complementando este momento importante de la firma, destac\u00f3 que \u00abvamos a tratar en lo posible de mantener los servicios que est\u00e1bamos teniendo en el local de 25 de Mayo y Salva, que creemos que eran diferenciales. Siempre hay una atenci\u00f3n diferencial hacia el cliente fiel, el que compra la bicicleta, pero nunca se deja de atender al resto de las personas y tratando de hacerlo con la mejor eficacia. Y el mejor servicio de post-venta creo que lo tenemos nosotros en Rafaela, seguimos apostando a ese servicio, a la reparaci\u00f3n y que la gente que necesita la bicicleta no tenga que estar esperando mucho tiempo para volver a usar el veh\u00edculo\u00bb.<\/div>\n<div>Desde los comienzos, Sol Bike viene trabajando con la marca Venzo y hace algunos a\u00f1os se sum\u00f3 Top Mega. \u00abPara la l\u00ednea urbana tenemos Philco, m\u00e1s las bicicletas que armamos nosotros\u00bb, describi\u00f3 Javier en relaci\u00f3n a las ofertas de bicis.<\/div>\n<div><img loading=\"lazy\" decoding=\"async\" class=\"alignnone size-medium wp-image-16224\" src=\"http:\/\/todoapulmon-rafaela.com\/wp-content\/uploads\/2019\/02\/thumbnail_IMG-20190214-WA0003-300x280.jpg\" alt=\"thumbnail_IMG-20190214-WA0003\" width=\"300\" height=\"280\" srcset=\"https:\/\/todoapulmon-rafaela.com\/wp-content\/uploads\/2019\/02\/thumbnail_IMG-20190214-WA0003-300x280.jpg 300w, https:\/\/todoapulmon-rafaela.com\/wp-content\/uploads\/2019\/02\/thumbnail_IMG-20190214-WA0003.jpg 507w\" sizes=\"(max-width: 300px) 100vw, 300px\" \/><img loading=\"lazy\" decoding=\"async\" class=\"alignnone size-medium wp-image-16225\" src=\"http:\/\/todoapulmon-rafaela.com\/wp-content\/uploads\/2019\/02\/IMG-20190214-WA0001-300x169.jpg\" alt=\"IMG-20190214-WA0001\" width=\"300\" height=\"169\" srcset=\"https:\/\/todoapulmon-rafaela.com\/wp-content\/uploads\/2019\/02\/IMG-20190214-WA0001-300x169.jpg 300w, https:\/\/todoapulmon-rafaela.com\/wp-content\/uploads\/2019\/02\/IMG-20190214-WA0001.jpg 1032w\" sizes=\"(max-width: 300px) 100vw, 300px\" \/><\/div>\n","protected":false},"excerpt":{"rendered":"<p>El pasado 3 de febrero se inaugur\u00f3 el nuevo local de Bicicleter\u00eda Sol Bike en Av. Suipacha 437, que en<\/p>\n","protected":false},"author":2,"featured_media":16223,"comment_status":"open","ping_status":"open","sticky":false,"template":"","format":"standard","meta":{"footnotes":""},"categories":[1],"tags":[],"class_list":["post-16222","post","type-post","status-publish","format-standard","has-post-thumbnail","hentry","category-sin-categoria"],"cc_featured_image_caption":{"caption_text":"","source_text":"","source_url":""},"_links":{"self":[{"href":"https:\/\/todoapulmon-rafaela.com\/index.php\/wp-json\/wp\/v2\/posts\/16222"}],"collection":[{"href":"https:\/\/todoapulmon-rafaela.com\/index.php\/wp-json\/wp\/v2\/posts"}],"about":[{"href":"https:\/\/todoapulmon-rafaela.com\/index.php\/wp-json\/wp\/v2\/types\/post"}],"author":[{"embeddable":true,"href":"https:\/\/todoapulmon-rafaela.com\/index.php\/wp-json\/wp\/v2\/users\/2"}],"replies":[{"embeddable":true,"href":"https:\/\/todoapulmon-rafaela.com\/index.php\/wp-json\/wp\/v2\/comments?post=16222"}],"version-history":[{"count":2,"href":"https:\/\/todoapulmon-rafaela.com\/index.php\/wp-json\/wp\/v2\/posts\/16222\/revisions"}],"predecessor-version":[{"id":16227,"href":"https:\/\/todoapulmon-rafaela.com\/index.php\/wp-json\/wp\/v2\/posts\/16222\/revisions\/16227"}],"wp:featuredmedia":[{"embeddable":true,"href":"https:\/\/todoapulmon-rafaela.com\/index.php\/wp-json\/wp\/v2\/media\/16223"}],"wp:attachment":[{"href":"https:\/\/todoapulmon-rafaela.com\/index.php\/wp-json\/wp\/v2\/media?parent=16222"}],"wp:term":[{"taxonomy":"category","embeddable":true,"href":"https:\/\/todoapulmon-rafaela.com\/index.php\/wp-json\/wp\/v2\/categories?post=16222"},{"taxonomy":"post_tag","embeddable":true,"href":"https:\/\/todoapulmon-rafaela.com\/index.php\/wp-json\/wp\/v2\/tags?post=16222"}],"curies":[{"name":"wp","href":"https:\/\/api.w.org\/{rel}","templated":true}]}}