{"id":1622,"date":"2016-07-03T13:54:42","date_gmt":"2016-07-03T13:54:42","guid":{"rendered":"http:\/\/todoapulmon-rafaela.com\/?p=1622"},"modified":"2016-07-03T13:54:42","modified_gmt":"2016-07-03T13:54:42","slug":"farid-suarez-en-la-copa-guatemala","status":"publish","type":"post","link":"https:\/\/todoapulmon-rafaela.com\/index.php\/2016\/07\/03\/farid-suarez-en-la-copa-guatemala\/","title":{"rendered":"Farid Suarez en la Copa Guatemala"},"content":{"rendered":"<p>El pasado jueves el ciclista rafaelino Farid Suarez recibi\u00f3 la confirmaci\u00f3n de que integrar\u00e1 la selecci\u00f3n argentina de pista que viajar\u00e1 a Centroam\u00e9rica para tomar parte de la Copa Guatemala, en dicho pa\u00eds, del 22 al 24 de julio.<\/p>\n<p>Se trata de un evento con puntaje UCI que tendr\u00e1 la presencia de varias selecciones internacionales. El joven pedalista rafaelino expres\u00f3 a Todo A Pulm\u00f3n que \u00abfue una noticia muy linda ya que luego del hermoso a\u00f1o 2015 que tuvimos, esper\u00e1bamos la posibilidad de competir a nivel internacional. Se trata de una certamen que nos va a permitir prepararnos de buena manera para el Panamericano y el Argentino, que se realizar\u00e1n en septiembre y octubre\u00bb.<\/p>\n<p>En dicha Copa el rafaelino estar\u00e1 dentro del grupo de protagonistas de la prueba de velocidad, keirin y kil\u00f3metro. El ciclista local ajustar\u00e1 en estos d\u00edas la preparaci\u00f3n que ya ven\u00eda realizando en el Club Ciclista de Rafaela, junto a los entrenadores Norberto y Daniel Capella, para llegar de la mejor manera a este evento.<\/p>\n","protected":false},"excerpt":{"rendered":"<p>El pasado jueves el ciclista rafaelino Farid Suarez recibi\u00f3 la confirmaci\u00f3n de que integrar\u00e1 la selecci\u00f3n argentina de pista que<\/p>\n","protected":false},"author":2,"featured_media":1623,"comment_status":"open","ping_status":"open","sticky":false,"template":"","format":"standard","meta":{"footnotes":""},"categories":[4],"tags":[],"class_list":["post-1622","post","type-post","status-publish","format-standard","has-post-thumbnail","hentry","category-ciclismo"],"cc_featured_image_caption":{"caption_text":"Farid Suarez durante el entrenamiento del d\u00eda viernes en el Club Ciclista.","source_text":"","source_url":""},"_links":{"self":[{"href":"https:\/\/todoapulmon-rafaela.com\/index.php\/wp-json\/wp\/v2\/posts\/1622"}],"collection":[{"href":"https:\/\/todoapulmon-rafaela.com\/index.php\/wp-json\/wp\/v2\/posts"}],"about":[{"href":"https:\/\/todoapulmon-rafaela.com\/index.php\/wp-json\/wp\/v2\/types\/post"}],"author":[{"embeddable":true,"href":"https:\/\/todoapulmon-rafaela.com\/index.php\/wp-json\/wp\/v2\/users\/2"}],"replies":[{"embeddable":true,"href":"https:\/\/todoapulmon-rafaela.com\/index.php\/wp-json\/wp\/v2\/comments?post=1622"}],"version-history":[{"count":1,"href":"https:\/\/todoapulmon-rafaela.com\/index.php\/wp-json\/wp\/v2\/posts\/1622\/revisions"}],"predecessor-version":[{"id":1624,"href":"https:\/\/todoapulmon-rafaela.com\/index.php\/wp-json\/wp\/v2\/posts\/1622\/revisions\/1624"}],"wp:featuredmedia":[{"embeddable":true,"href":"https:\/\/todoapulmon-rafaela.com\/index.php\/wp-json\/wp\/v2\/media\/1623"}],"wp:attachment":[{"href":"https:\/\/todoapulmon-rafaela.com\/index.php\/wp-json\/wp\/v2\/media?parent=1622"}],"wp:term":[{"taxonomy":"category","embeddable":true,"href":"https:\/\/todoapulmon-rafaela.com\/index.php\/wp-json\/wp\/v2\/categories?post=1622"},{"taxonomy":"post_tag","embeddable":true,"href":"https:\/\/todoapulmon-rafaela.com\/index.php\/wp-json\/wp\/v2\/tags?post=1622"}],"curies":[{"name":"wp","href":"https:\/\/api.w.org\/{rel}","templated":true}]}}