{"id":16200,"date":"2019-02-11T02:31:22","date_gmt":"2019-02-11T02:31:22","guid":{"rendered":"http:\/\/todoapulmon-rafaela.com\/?p=16200"},"modified":"2019-02-11T02:34:18","modified_gmt":"2019-02-11T02:34:18","slug":"presencias-rafaelinas-en-el-triatlon-de-villa-urquiza","status":"publish","type":"post","link":"https:\/\/todoapulmon-rafaela.com\/index.php\/2019\/02\/11\/presencias-rafaelinas-en-el-triatlon-de-villa-urquiza\/","title":{"rendered":"Presencias rafaelinas en el triatl\u00f3n de Villa Urquiza"},"content":{"rendered":"<p>Con la participaci\u00f3n de representantes de nuestra ciudad se realiz\u00f3 este domingo el triatl\u00f3n de Villa Urquiza, en la provincia de Entre R\u00edos. Se dieron cita m\u00e1s de 200 inscriptos, compiti\u00e9ndose en 750 metros de nataci\u00f3n, 20 km. de ciclismo y 5 km. de pedestrismo.<\/p>\n<p>En damas, Susana Hauswirth fue \u00fanica protagonista en la categor\u00eda de crono con un tiempo de 1h33m05s.<\/p>\n<p>En varones, Rodrigo Visconti -que como el a\u00f1o pasado en esta \u00e9poca incursiona en el triatl\u00f3n- tuvo una buena performance quedando cuarto en la categor\u00eda Ruta de 27 a 37 a\u00f1os con 1h16m10s. En la clasificaci\u00f3n general se ubic\u00f3 19\u00ba.<\/p>\n<p>Del grupo de Vikingos Running Spirit tambi\u00e9n intervinieron Nicol\u00e1s Boidi (cuarto en su categor\u00eda) y Javier Kuriger.<\/p>\n<p>En la crono, Sergio Peretti tambi\u00e9n tuvo un meritorio desempe\u00f1o al ubicarse tercero con 1h23m32s.<\/p>\n","protected":false},"excerpt":{"rendered":"<p>Con la participaci\u00f3n de representantes de nuestra ciudad se realiz\u00f3 este domingo el triatl\u00f3n de Villa Urquiza, en la provincia<\/p>\n","protected":false},"author":2,"featured_media":16203,"comment_status":"open","ping_status":"open","sticky":false,"template":"","format":"standard","meta":{"footnotes":""},"categories":[24,28],"tags":[],"class_list":["post-16200","post","type-post","status-publish","format-standard","has-post-thumbnail","hentry","category-noticias-destacadas","category-triatlon"],"cc_featured_image_caption":{"caption_text":"Rodrigo Visconti saliendo del agua en el primer tramo de la prueba (Foto Running Time).","source_text":"","source_url":""},"_links":{"self":[{"href":"https:\/\/todoapulmon-rafaela.com\/index.php\/wp-json\/wp\/v2\/posts\/16200"}],"collection":[{"href":"https:\/\/todoapulmon-rafaela.com\/index.php\/wp-json\/wp\/v2\/posts"}],"about":[{"href":"https:\/\/todoapulmon-rafaela.com\/index.php\/wp-json\/wp\/v2\/types\/post"}],"author":[{"embeddable":true,"href":"https:\/\/todoapulmon-rafaela.com\/index.php\/wp-json\/wp\/v2\/users\/2"}],"replies":[{"embeddable":true,"href":"https:\/\/todoapulmon-rafaela.com\/index.php\/wp-json\/wp\/v2\/comments?post=16200"}],"version-history":[{"count":4,"href":"https:\/\/todoapulmon-rafaela.com\/index.php\/wp-json\/wp\/v2\/posts\/16200\/revisions"}],"predecessor-version":[{"id":16205,"href":"https:\/\/todoapulmon-rafaela.com\/index.php\/wp-json\/wp\/v2\/posts\/16200\/revisions\/16205"}],"wp:featuredmedia":[{"embeddable":true,"href":"https:\/\/todoapulmon-rafaela.com\/index.php\/wp-json\/wp\/v2\/media\/16203"}],"wp:attachment":[{"href":"https:\/\/todoapulmon-rafaela.com\/index.php\/wp-json\/wp\/v2\/media?parent=16200"}],"wp:term":[{"taxonomy":"category","embeddable":true,"href":"https:\/\/todoapulmon-rafaela.com\/index.php\/wp-json\/wp\/v2\/categories?post=16200"},{"taxonomy":"post_tag","embeddable":true,"href":"https:\/\/todoapulmon-rafaela.com\/index.php\/wp-json\/wp\/v2\/tags?post=16200"}],"curies":[{"name":"wp","href":"https:\/\/api.w.org\/{rel}","templated":true}]}}