{"id":1619,"date":"2016-07-03T12:58:23","date_gmt":"2016-07-03T12:58:23","guid":{"rendered":"http:\/\/todoapulmon-rafaela.com\/?p=1619"},"modified":"2016-07-03T13:00:18","modified_gmt":"2016-07-03T13:00:18","slug":"9-de-julio-y-union-los-primeros-campeones-2","status":"publish","type":"post","link":"https:\/\/todoapulmon-rafaela.com\/index.php\/2016\/07\/03\/9-de-julio-y-union-los-primeros-campeones-2\/","title":{"rendered":"9 de Julio y Uni\u00f3n, los primeros campeones"},"content":{"rendered":"<div>La temporada de Formativas de la Asociaci\u00f3n Rafaelina de B\u00e1squetbol ya tiene los dos primeros campeones, en las categor\u00edas competitivas m\u00e1s chicas.<\/div>\n<div>La U15 qued\u00f3 para 9 de Julio, que en el gimnasio Centenario super\u00f3 a Libertad de Sunchales por 65 a 58 en una intensa final. El equipo dirigido por Diego Ravasio tuvo a Lucas Ambort como goleador con 19 puntos. As\u00ed este equipo, que tambi\u00e9n sigue en carrera en la Liga Provincial, ratific\u00f3 con el t\u00edtulo la buena campa\u00f1a que viene desarrollando en este a\u00f1o.<\/div>\n<div><\/div>\n<div>\u00a0<b>9 de Julio 65 \u2013 Libertad 58<\/b><\/div>\n<div><\/div>\n<div>Estadio: Centenario.<\/div>\n<div>Arbitros: Ignacio Cantero, Guillermo Theler y Cristian Defagot.<\/div>\n<div>Parciales: 8-25 \/ 39-33 y 56-46.<\/div>\n<div><strong>9 de Julio:<\/strong> A. Zbrun 3, L. Migliore 0, F. Ghirardotti 2, M. Celaye 0, N. Medici 10, M. Gim\u00e9nez 3, A. D\u00edaz 9, L. Ambort 19, F. Rojas 14, F. Hessel 5, I. C\u00e1ceres 0 y F. Piovano 0. DT: Diego Ravasio.<\/div>\n<div><strong>Libertad:<\/strong> M. Riboldi 0, I. Ardusso 5, E. Chiapero 0, E. Porporato 8, A. Hoyos 5, L. Roca 3, M. Reynoso 27, S. Baudino 6, N. Friedli 0, B. Camusso 4, A. Trinchieri 0 y F. Pagliero 0. DT: Walter Gregoris.<\/div>\n<div><\/div>\n<div><strong>Uni\u00f3n en U13<\/strong><\/div>\n<div>La restante categor\u00eda que se defini\u00f3 el s\u00e1bado fue la U13, donde el Bicho Verde gan\u00f3 el cl\u00e1sico sunchalense ante Libertad por 52 a 43 en la Fortaleza del Bicho, con parciales de 9-6, 26-11 y 45-22. R. Rojo, con 24 puntos, fue el goleador del equipo dirigido por Rodrigo Ju\u00e1rez.<\/div>\n","protected":false},"excerpt":{"rendered":"<p>La temporada de Formativas de la Asociaci\u00f3n Rafaelina de B\u00e1squetbol ya tiene los dos primeros campeones, en las categor\u00edas competitivas<\/p>\n","protected":false},"author":2,"featured_media":1617,"comment_status":"open","ping_status":"open","sticky":false,"template":"","format":"standard","meta":{"footnotes":""},"categories":[5],"tags":[],"class_list":["post-1619","post","type-post","status-publish","format-standard","has-post-thumbnail","hentry","category-basquet"],"cc_featured_image_caption":{"caption_text":"9 de Julio conquist\u00f3 el t\u00edtulo en U15.","source_text":"","source_url":""},"_links":{"self":[{"href":"https:\/\/todoapulmon-rafaela.com\/index.php\/wp-json\/wp\/v2\/posts\/1619"}],"collection":[{"href":"https:\/\/todoapulmon-rafaela.com\/index.php\/wp-json\/wp\/v2\/posts"}],"about":[{"href":"https:\/\/todoapulmon-rafaela.com\/index.php\/wp-json\/wp\/v2\/types\/post"}],"author":[{"embeddable":true,"href":"https:\/\/todoapulmon-rafaela.com\/index.php\/wp-json\/wp\/v2\/users\/2"}],"replies":[{"embeddable":true,"href":"https:\/\/todoapulmon-rafaela.com\/index.php\/wp-json\/wp\/v2\/comments?post=1619"}],"version-history":[{"count":2,"href":"https:\/\/todoapulmon-rafaela.com\/index.php\/wp-json\/wp\/v2\/posts\/1619\/revisions"}],"predecessor-version":[{"id":1621,"href":"https:\/\/todoapulmon-rafaela.com\/index.php\/wp-json\/wp\/v2\/posts\/1619\/revisions\/1621"}],"wp:featuredmedia":[{"embeddable":true,"href":"https:\/\/todoapulmon-rafaela.com\/index.php\/wp-json\/wp\/v2\/media\/1617"}],"wp:attachment":[{"href":"https:\/\/todoapulmon-rafaela.com\/index.php\/wp-json\/wp\/v2\/media?parent=1619"}],"wp:term":[{"taxonomy":"category","embeddable":true,"href":"https:\/\/todoapulmon-rafaela.com\/index.php\/wp-json\/wp\/v2\/categories?post=1619"},{"taxonomy":"post_tag","embeddable":true,"href":"https:\/\/todoapulmon-rafaela.com\/index.php\/wp-json\/wp\/v2\/tags?post=1619"}],"curies":[{"name":"wp","href":"https:\/\/api.w.org\/{rel}","templated":true}]}}