{"id":16070,"date":"2019-01-20T03:21:50","date_gmt":"2019-01-20T03:21:50","guid":{"rendered":"http:\/\/todoapulmon-rafaela.com\/?p=16070"},"modified":"2019-01-20T04:14:54","modified_gmt":"2019-01-20T04:14:54","slug":"se-realizo-la-primera-carrera-recreativa-del-ano-en-rafaela","status":"publish","type":"post","link":"https:\/\/todoapulmon-rafaela.com\/index.php\/2019\/01\/20\/se-realizo-la-primera-carrera-recreativa-del-ano-en-rafaela\/","title":{"rendered":"Se realiz\u00f3 la primera carrera recreativa de 2019 en Rafaela"},"content":{"rendered":"<p class=\"x_MsoNormal\">Este s\u00e1bado, desde las 19:30, un importante grupo de runners locales, zona cercana, y algunos llegados desde San Guillermo, se congreg\u00f3 frente al Aut\u00f3dromo \u201cCiudad de Rafaela\u201d para participar de la primera carrera recreativa nocturna del a\u00f1o. La misma tuvo desarrollo en dos distancias, 10k y 5k.<\/p>\n<p class=\"x_MsoNormal\">En este caso, el deporte tuvo fines solidarios ya que los participantes colaboraron con cacao, leche y az\u00facar que ser\u00e1n donados a comedores y copas de leche.<\/p>\n<p class=\"x_MsoNormal\">El subsecretario de Deportes de la Municipalidad de Rafaela, Leonardo Crosetti cont\u00f3 que \u00abla primera carrera recreativa con fines solidarios es la primera actividad del a\u00f1o que se va a realizar para los corredores. Venimos trabajando desde hace mucho tiempo con ellos\u201d.<\/p>\n<p class=\"x_MsoNormal\">Tambi\u00e9n adelant\u00f3 que para el 2019 est\u00e1n previstos 10 eventos, entre carreras competitivas y recreativas con el objetivo de darle un marco deportivo y saludable para contener a la gran cantidad de runners de nuestra ciudad.<\/p>\n<p class=\"x_MsoNormal\">\u00abEl objetivo de estas competencias es que haya una vinculaci\u00f3n con las entidades, con los corredores y que los rafaelinos compitan en nuestra ciudad y no necesiten hacerlo en otras localidades\u00bb, complet\u00f3 el funcionario. Tambi\u00e9n agradeci\u00f3 a los referentes de los grupos de running que colaboraron en la organizaci\u00f3n, como Team Impacto Running, Wayra Running Team, Vikingos Running Spirit y Kalos Running.<\/p>\n","protected":false},"excerpt":{"rendered":"<p>Este s\u00e1bado, desde las 19:30, un importante grupo de runners locales, zona cercana, y algunos llegados desde San Guillermo, se<\/p>\n","protected":false},"author":2,"featured_media":16071,"comment_status":"open","ping_status":"open","sticky":false,"template":"","format":"standard","meta":{"footnotes":""},"categories":[7,24],"tags":[],"class_list":["post-16070","post","type-post","status-publish","format-standard","has-post-thumbnail","hentry","category-atletismo","category-noticias-destacadas"],"cc_featured_image_caption":{"caption_text":"","source_text":"","source_url":""},"_links":{"self":[{"href":"https:\/\/todoapulmon-rafaela.com\/index.php\/wp-json\/wp\/v2\/posts\/16070"}],"collection":[{"href":"https:\/\/todoapulmon-rafaela.com\/index.php\/wp-json\/wp\/v2\/posts"}],"about":[{"href":"https:\/\/todoapulmon-rafaela.com\/index.php\/wp-json\/wp\/v2\/types\/post"}],"author":[{"embeddable":true,"href":"https:\/\/todoapulmon-rafaela.com\/index.php\/wp-json\/wp\/v2\/users\/2"}],"replies":[{"embeddable":true,"href":"https:\/\/todoapulmon-rafaela.com\/index.php\/wp-json\/wp\/v2\/comments?post=16070"}],"version-history":[{"count":2,"href":"https:\/\/todoapulmon-rafaela.com\/index.php\/wp-json\/wp\/v2\/posts\/16070\/revisions"}],"predecessor-version":[{"id":16073,"href":"https:\/\/todoapulmon-rafaela.com\/index.php\/wp-json\/wp\/v2\/posts\/16070\/revisions\/16073"}],"wp:featuredmedia":[{"embeddable":true,"href":"https:\/\/todoapulmon-rafaela.com\/index.php\/wp-json\/wp\/v2\/media\/16071"}],"wp:attachment":[{"href":"https:\/\/todoapulmon-rafaela.com\/index.php\/wp-json\/wp\/v2\/media?parent=16070"}],"wp:term":[{"taxonomy":"category","embeddable":true,"href":"https:\/\/todoapulmon-rafaela.com\/index.php\/wp-json\/wp\/v2\/categories?post=16070"},{"taxonomy":"post_tag","embeddable":true,"href":"https:\/\/todoapulmon-rafaela.com\/index.php\/wp-json\/wp\/v2\/tags?post=16070"}],"curies":[{"name":"wp","href":"https:\/\/api.w.org\/{rel}","templated":true}]}}