{"id":16047,"date":"2019-01-18T02:35:39","date_gmt":"2019-01-18T02:35:39","guid":{"rendered":"http:\/\/todoapulmon-rafaela.com\/?p=16047"},"modified":"2019-01-18T02:35:39","modified_gmt":"2019-01-18T02:35:39","slug":"concentracion-de-ciclistas-juveniles-en-rafaela","status":"publish","type":"post","link":"https:\/\/todoapulmon-rafaela.com\/index.php\/2019\/01\/18\/concentracion-de-ciclistas-juveniles-en-rafaela\/","title":{"rendered":"Concentraci\u00f3n de ciclistas juveniles en Rafaela"},"content":{"rendered":"<p>Un nutrido grupo de pedalistas de distintas partes del pa\u00eds est\u00e1 realizando una concentraci\u00f3n en el Club Ciclista de Rafaela, con vistas al Campeonato Argentino para menores y juveniles de ruta que se desarrollar\u00e1 en Viedma, R\u00edo Negro, del 21 al 24 de febrero.<br \/>\nA las \u00f3rdenes de los entrenadores Norberto y Daniel Capella, est\u00e1n desde la semana anterior desarrollando dobles turnos (generalmente por la ma\u00f1ana ruta y por la tarde se alternan trabajos de pista) pedalistas de Jujuy (2), Villa Mar\u00eda, C\u00f3rdoba (2), Santiago del Estero (2), Col\u00f3n, Buenos Aires (1), 9 de Julio, Buenos Aires (1), Reconquista, Santa Fe (2), San Francisco, C\u00f3rdoba (1), Monte Cristo, C\u00f3rdoba (1) y Quitilipi, Chaco (1), sumados al grupo de chicos rafaelinos que viene prepar\u00e1ndose para el mismo evento.<br \/>\nParte del contingente estar\u00e1 participando el domingo de una prueba en Paran\u00e1, por la Copa Entre R\u00edos, que empezar\u00e1 a servir como puesta a punto para el Argentino.<\/p>\n<p>ENCUENTRO NOCTURNO<br \/>\nEste viernes, el grupo de cicloturismo y la Escuelita del Club Ciclista de Rafaela realizar\u00e1n un Encuentro Nocturno con entrenamientos abiertos, y competencia de destrezas y habilidades.<br \/>\nEl comienzo est\u00e1 previsto para las 20.15 con inscripciones gratuitas.<br \/>\nLas modalidades ser\u00e1n:<br \/>\n* MTB carrera de obst\u00e1culos menores (recreativo).<br \/>\n* MTB carrera de obst\u00e1culos mayores (recreativo).<br \/>\n* Pista especialidades; 500 metros y cuartetas!<br \/>\n* MTB carrera de posta equipos mixtos.<br \/>\n* PISTA VUELTAS PUNTABLES<br \/>\nAdem\u00e1s habr\u00e1 desaf\u00edos sorpresas y servicio de buffet.<\/p>\n","protected":false},"excerpt":{"rendered":"<p>Un nutrido grupo de pedalistas de distintas partes del pa\u00eds est\u00e1 realizando una concentraci\u00f3n en el Club Ciclista de Rafaela,<\/p>\n","protected":false},"author":2,"featured_media":16048,"comment_status":"open","ping_status":"open","sticky":false,"template":"","format":"standard","meta":{"footnotes":""},"categories":[4,24],"tags":[],"class_list":["post-16047","post","type-post","status-publish","format-standard","has-post-thumbnail","hentry","category-ciclismo","category-noticias-destacadas"],"cc_featured_image_caption":{"caption_text":"En la tarde del jueves, la llovizna no detuvo el trabajo en el vel\u00f3dromo H\u00e9ctor Cassina.","source_text":"","source_url":""},"_links":{"self":[{"href":"https:\/\/todoapulmon-rafaela.com\/index.php\/wp-json\/wp\/v2\/posts\/16047"}],"collection":[{"href":"https:\/\/todoapulmon-rafaela.com\/index.php\/wp-json\/wp\/v2\/posts"}],"about":[{"href":"https:\/\/todoapulmon-rafaela.com\/index.php\/wp-json\/wp\/v2\/types\/post"}],"author":[{"embeddable":true,"href":"https:\/\/todoapulmon-rafaela.com\/index.php\/wp-json\/wp\/v2\/users\/2"}],"replies":[{"embeddable":true,"href":"https:\/\/todoapulmon-rafaela.com\/index.php\/wp-json\/wp\/v2\/comments?post=16047"}],"version-history":[{"count":1,"href":"https:\/\/todoapulmon-rafaela.com\/index.php\/wp-json\/wp\/v2\/posts\/16047\/revisions"}],"predecessor-version":[{"id":16049,"href":"https:\/\/todoapulmon-rafaela.com\/index.php\/wp-json\/wp\/v2\/posts\/16047\/revisions\/16049"}],"wp:featuredmedia":[{"embeddable":true,"href":"https:\/\/todoapulmon-rafaela.com\/index.php\/wp-json\/wp\/v2\/media\/16048"}],"wp:attachment":[{"href":"https:\/\/todoapulmon-rafaela.com\/index.php\/wp-json\/wp\/v2\/media?parent=16047"}],"wp:term":[{"taxonomy":"category","embeddable":true,"href":"https:\/\/todoapulmon-rafaela.com\/index.php\/wp-json\/wp\/v2\/categories?post=16047"},{"taxonomy":"post_tag","embeddable":true,"href":"https:\/\/todoapulmon-rafaela.com\/index.php\/wp-json\/wp\/v2\/tags?post=16047"}],"curies":[{"name":"wp","href":"https:\/\/api.w.org\/{rel}","templated":true}]}}