{"id":16034,"date":"2019-01-16T12:05:14","date_gmt":"2019-01-16T12:05:14","guid":{"rendered":"http:\/\/todoapulmon-rafaela.com\/?p=16034"},"modified":"2019-01-16T12:05:14","modified_gmt":"2019-01-16T12:05:14","slug":"se-viene-el-triatlon-de-la-paz","status":"publish","type":"post","link":"https:\/\/todoapulmon-rafaela.com\/index.php\/2019\/01\/16\/se-viene-el-triatlon-de-la-paz\/","title":{"rendered":"Se viene el Triatl\u00f3n de La Paz"},"content":{"rendered":"<p>Este fin de semana se desarrollar\u00e1 la 35\u00aa edici\u00f3n del Triatl\u00f3n Internacional de La Paz, Entre R\u00edos, uno de los m\u00e1s tradicionales del pa\u00eds y que movilizar\u00e1 a una buena cantidad de representantes de nuestra ciudad. Cabe recordar que el a\u00f1o pasado fue ganador Pedro Emmert en la categor\u00eda Sprint.<\/p>\n<p>El viernes estar\u00e1n compitiendo los infantiles, el s\u00e1bado sprint y age groups, y el domingo los Elite.<\/p>\n<p>El programa oficial de la prueba informado por los organizadores:<\/p>\n<p><strong>VIERNES 18\/01\/2019<\/strong><br \/>\n10.00 a 20.00 hs Acreditaciones y retiro de kit en Oficina de Turismo Puerto de La Paz (Llevar DNI y FICHA DE INSCRIPCI\u00d3N para retirar kit. Sin excepci\u00f3n).<\/p>\n<p>14.00 a 18.30 hs. TRIATLON INFANTIL (*).<\/p>\n<p>21.00 hs. PASTA PARTY en el Sal\u00f3n Polifuncional Municipal \u2013 Urquiza y Echag\u00fce.<\/p>\n<p>22.00 hs. \u201cMOVIDA PRE TRIATLON\u201d. Comparsas y desfile en Plaza Principal.<br \/>\n(*) TRIATLON INFANTIL:<\/p>\n<p>8.00 Hs. : Comienzo de Inscripciones Triatl\u00f3n Internacional Infantil ( en Oficina de Inscripciones \u2013 Puerto Local ).<\/p>\n<p>12.00 Hs : Cierre Inscripciones Triatl\u00f3n Internacional Infantil.<\/p>\n<p>13.00 Hs. : Habilitaci\u00f3n \u00c1rea de Transici\u00f3n ( todas las categor\u00edas ).<\/p>\n<p>14.00 hs.: Categor\u00eda 5 \/ 7 a\u00f1os.<\/p>\n<p>14.40 hs. : Categor\u00eda 8 \/ 9 a\u00f1os.<\/p>\n<p>15.30 hs. : Categor\u00eda 10 \/ 11 a\u00f1os.<\/p>\n<p>16.45 hs. : Categor\u00eda 12 \/ 14 a\u00f1os.<\/p>\n<p>17.45 hs. : Finalizaci\u00f3n competencias de Triatl\u00f3n Internacional Infantil.<\/p>\n<p>18.30 hs. : CEREMONIA DE ENTREGA DE PREMIOS TRIATLON INTERNACIONAL INFANTIL \u2013 en Puerto Local.<\/p>\n<p><b>S\u00c1BADO<\/b><strong>\u00a019\/01\/2019<\/strong><\/p>\n<p>9.00 Hs.: Habilitaci\u00f3n de \u00c1rea de Transici\u00f3n Age Groups o Categor\u00edas \/ Juveniles \/ Sprint \/ MTB.<\/p>\n<p>11.30 Hs.: Cierre \u00c1rea de Transici\u00f3n Age Groups o Categor\u00edas \/ Juveniles \/ Sprint \/ MTB \/ Paratriatl\u00f3n.<\/p>\n<p>14.15 Hs.: Traslado competidores Juveniles\/ Sprint \/ MTB \/ Paratriatlon rumbo al punto de partida.<\/p>\n<p>14.45 Hs. : LARGADA Categor\u00eda Juveniles\/ Sprint \/ MTB \/ Paratriatl\u00f3n desde Puerto M\u00e1rquez.<\/p>\n<p>15.20 Hs.: Traslado competidores Age Groups rumbo al punto de partida.<\/p>\n<p>16.20 Hs.: LARGADA TRIATLON ESTANDAR (age groups) Varones y Damas desde Paraje Barranca Negra.<\/p>\n<p>18.10 Hs.: Tiempo estimativo de llegada del primero de los atletas del Triatl\u00f3n Estandar.<\/p>\n<p>20.00Hs:\u00a0CHARLA TECNICA (Briefing) para TRIATLETAS ELITE y SUB 23 (Club Social, Calle San Martin 850),<\/p>\n<p>20.00 Hs.: Finalizaci\u00f3n Tiempo M\u00e1ximo de Competencia Triatl\u00f3n Estandar.<\/p>\n<p>23.00 Hs.: \u201d GRAN NOCHE DEL TRIATLON INTERNACIONAL \u201d \u2013 Entrega de Premios \u2013 Ceremonia de Coronaci\u00f3n de los Campeones- Fuegos Artificiales (en Puerto Local).<\/p>\n<p><strong>DOMINGO 20\/01\/2019<\/strong><\/p>\n<p>14 Hs.: Habilitaci\u00f3n Transici\u00f3n Elite y SUB23 Varones y Damas.<\/p>\n<p>15 hs: Presentaci\u00f3n de atletas y traslado al lugar de salida.<\/p>\n<p>15.30 Hs.: LARGADA TRIATLON INTERNACIONAL \u2013 ELITE Y SUB 23 DAMAS.<\/p>\n<p>17.00 Hs.: LARGADA TRIATLON INTERNACIONAL \u2013 ELITE Y SUB 23 VARONES.<\/p>\n<p>16.55 Hs. : Tiempo estimativo de finalizaci\u00f3n competencia de Elite Damas.<\/p>\n<p>18.10 Hs. : Tiempo estimativo de finalizaci\u00f3n competencia de Elite Varones,<\/p>\n<p>19.00 hs. : CEREMONIA DE ENTREGA DE PREMIOS Elite y Sub 23 (en Puerto Local).<\/p>\n<p>19.45 hs.: CIERRE TRIATLON INTERNACIONAL DE LA PAZ.<\/p>\n","protected":false},"excerpt":{"rendered":"<p>Este fin de semana se desarrollar\u00e1 la 35\u00aa edici\u00f3n del Triatl\u00f3n Internacional de La Paz, Entre R\u00edos, uno de los<\/p>\n","protected":false},"author":2,"featured_media":16035,"comment_status":"open","ping_status":"open","sticky":false,"template":"","format":"standard","meta":{"footnotes":""},"categories":[24,28],"tags":[],"class_list":["post-16034","post","type-post","status-publish","format-standard","has-post-thumbnail","hentry","category-noticias-destacadas","category-triatlon"],"cc_featured_image_caption":{"caption_text":"El a\u00f1o pasado Pedro Emmert fue ganador en Sprint.","source_text":"","source_url":""},"_links":{"self":[{"href":"https:\/\/todoapulmon-rafaela.com\/index.php\/wp-json\/wp\/v2\/posts\/16034"}],"collection":[{"href":"https:\/\/todoapulmon-rafaela.com\/index.php\/wp-json\/wp\/v2\/posts"}],"about":[{"href":"https:\/\/todoapulmon-rafaela.com\/index.php\/wp-json\/wp\/v2\/types\/post"}],"author":[{"embeddable":true,"href":"https:\/\/todoapulmon-rafaela.com\/index.php\/wp-json\/wp\/v2\/users\/2"}],"replies":[{"embeddable":true,"href":"https:\/\/todoapulmon-rafaela.com\/index.php\/wp-json\/wp\/v2\/comments?post=16034"}],"version-history":[{"count":1,"href":"https:\/\/todoapulmon-rafaela.com\/index.php\/wp-json\/wp\/v2\/posts\/16034\/revisions"}],"predecessor-version":[{"id":16036,"href":"https:\/\/todoapulmon-rafaela.com\/index.php\/wp-json\/wp\/v2\/posts\/16034\/revisions\/16036"}],"wp:featuredmedia":[{"embeddable":true,"href":"https:\/\/todoapulmon-rafaela.com\/index.php\/wp-json\/wp\/v2\/media\/16035"}],"wp:attachment":[{"href":"https:\/\/todoapulmon-rafaela.com\/index.php\/wp-json\/wp\/v2\/media?parent=16034"}],"wp:term":[{"taxonomy":"category","embeddable":true,"href":"https:\/\/todoapulmon-rafaela.com\/index.php\/wp-json\/wp\/v2\/categories?post=16034"},{"taxonomy":"post_tag","embeddable":true,"href":"https:\/\/todoapulmon-rafaela.com\/index.php\/wp-json\/wp\/v2\/tags?post=16034"}],"curies":[{"name":"wp","href":"https:\/\/api.w.org\/{rel}","templated":true}]}}