{"id":16026,"date":"2019-01-14T15:11:50","date_gmt":"2019-01-14T15:11:50","guid":{"rendered":"http:\/\/todoapulmon-rafaela.com\/?p=16026"},"modified":"2019-01-14T16:32:02","modified_gmt":"2019-01-14T16:32:02","slug":"el-hockey-del-crar-empieza-la-pretemporada","status":"publish","type":"post","link":"https:\/\/todoapulmon-rafaela.com\/index.php\/2019\/01\/14\/el-hockey-del-crar-empieza-la-pretemporada\/","title":{"rendered":"El hockey del CRAR empieza la pretemporada"},"content":{"rendered":"<p>Este martes, a las 20.30, en el predio del Club, comenzar\u00e1 su pretemporada el plantel superior de hockey del C\u00edrculo Rafaelino, con vistas al torneo Dos Orillas y el Regional D a jugarse en Resistencia, los primeros objetivos deportivos de 2019.<\/p>\n<p>Los cuerpos t\u00e9cnicos para este a\u00f1o quedaron conformados de la siguiente manera:<\/p>\n<p><strong>Infantiles:<\/strong> Profes, Agostina Acosta y Micaela Chazarreta. Ayudante: Abril Beltramino. Manager: Cecilia Ternengo.<\/p>\n<p><strong>Sub 12:<\/strong> Entrenadora, Agostina Acosta. Preparaci\u00f3n f\u00edsica: Elena Brown.<\/p>\n<p><strong>Sub 14:<\/strong> Entrenador, Fabi\u00e1n Montesano. Preparaci\u00f3n f\u00edsica: Elena Brown.<\/p>\n<p><strong>Sub 16:<\/strong> Entrenadora, Pamela Dominguez. Preparaci\u00f3n f\u00edsica: Elena Brown.<\/p>\n<p><strong>Sub 18:<\/strong> Entrenadora, Pamela Dominguez. Preparaci\u00f3n f\u00edsica: Hern\u00e1n Galfr\u00e9.<\/p>\n<p><strong>Plantel superior:<\/strong> Entrenador, Fabi\u00e1n Montesano. Preparaci\u00f3n f\u00edsica: Hern\u00e1n Galfr\u00e9.<\/p>\n<p>Tambi\u00e9n formar\u00e1n parte del staff este a\u00f1o: Camila Salamano, con un taller de psicomotricidad para infantiles (4 a 7 a\u00f1os); Gustavo Bruneri como psic\u00f3logo deportivo y Guillermo Rastelli como entrenador de arqueros. Asimismo, Alejandro Chiav\u00f3n estar\u00e1 en la preparaci\u00f3n f\u00edsica de las jugadoras que participan en los seleccionados y proyecto de talentos.<\/p>\n<p>DIAS DE PRACTICAS<\/p>\n<p>Ser\u00e1n los martes, mi\u00e9rcoles y jueves de 20.30 a 22.30; y los s\u00e1bados de 18 a 20. Adem\u00e1s, los mi\u00e9rcoles habr\u00e1 otro turno a las 13.30; todo en la cancha sint\u00e9tica.<\/p>\n<p>Las divisiones inferiores comenzar\u00e1n a practicar en febrero, con horarios previos a los del plantel superior.<\/p>\n","protected":false},"excerpt":{"rendered":"<p>Este martes, a las 20.30, en el predio del Club, comenzar\u00e1 su pretemporada el plantel superior de hockey del C\u00edrculo<\/p>\n","protected":false},"author":2,"featured_media":16027,"comment_status":"open","ping_status":"open","sticky":false,"template":"","format":"standard","meta":{"footnotes":""},"categories":[3,24],"tags":[],"class_list":["post-16026","post","type-post","status-publish","format-standard","has-post-thumbnail","hentry","category-hockey","category-noticias-destacadas"],"cc_featured_image_caption":{"caption_text":"","source_text":"","source_url":""},"_links":{"self":[{"href":"https:\/\/todoapulmon-rafaela.com\/index.php\/wp-json\/wp\/v2\/posts\/16026"}],"collection":[{"href":"https:\/\/todoapulmon-rafaela.com\/index.php\/wp-json\/wp\/v2\/posts"}],"about":[{"href":"https:\/\/todoapulmon-rafaela.com\/index.php\/wp-json\/wp\/v2\/types\/post"}],"author":[{"embeddable":true,"href":"https:\/\/todoapulmon-rafaela.com\/index.php\/wp-json\/wp\/v2\/users\/2"}],"replies":[{"embeddable":true,"href":"https:\/\/todoapulmon-rafaela.com\/index.php\/wp-json\/wp\/v2\/comments?post=16026"}],"version-history":[{"count":2,"href":"https:\/\/todoapulmon-rafaela.com\/index.php\/wp-json\/wp\/v2\/posts\/16026\/revisions"}],"predecessor-version":[{"id":16029,"href":"https:\/\/todoapulmon-rafaela.com\/index.php\/wp-json\/wp\/v2\/posts\/16026\/revisions\/16029"}],"wp:featuredmedia":[{"embeddable":true,"href":"https:\/\/todoapulmon-rafaela.com\/index.php\/wp-json\/wp\/v2\/media\/16027"}],"wp:attachment":[{"href":"https:\/\/todoapulmon-rafaela.com\/index.php\/wp-json\/wp\/v2\/media?parent=16026"}],"wp:term":[{"taxonomy":"category","embeddable":true,"href":"https:\/\/todoapulmon-rafaela.com\/index.php\/wp-json\/wp\/v2\/categories?post=16026"},{"taxonomy":"post_tag","embeddable":true,"href":"https:\/\/todoapulmon-rafaela.com\/index.php\/wp-json\/wp\/v2\/tags?post=16026"}],"curies":[{"name":"wp","href":"https:\/\/api.w.org\/{rel}","templated":true}]}}