{"id":15929,"date":"2018-12-26T12:30:43","date_gmt":"2018-12-26T12:30:43","guid":{"rendered":"http:\/\/todoapulmon-rafaela.com\/?p=15929"},"modified":"2018-12-26T12:30:43","modified_gmt":"2018-12-26T12:30:43","slug":"fue-un-ano-de-experiencia-y-aprendizaje","status":"publish","type":"post","link":"https:\/\/todoapulmon-rafaela.com\/index.php\/2018\/12\/26\/fue-un-ano-de-experiencia-y-aprendizaje\/","title":{"rendered":"\u00abFue un a\u00f1o de experiencia y aprendizaje\u00bb"},"content":{"rendered":"<p>La semana anterior nos visit\u00f3 en Todo a Pulm\u00f3n radio Pedro Emmert. El triatleta rafaelino hizo un balance positivo de la temporada 2018, mientras est\u00e1 enfocando la mira al exigente calendario del a\u00f1o entrante, donde tendr\u00e1 similares desaf\u00edos a nivel nacional e internacional.<\/p>\n<p>\u00abFue un a\u00f1o de mucha experiencia, con importante aprendizaje, carreras buenas y malas. Estuve compitiendo hace un tiempo en Chile una prueba continental muy dura, con los Elite. Mi primera carrera con gente grande, que las conoc\u00e9s por internet, y fue bueno tener esa vivencia\u00bb, nos cont\u00f3 el juvenil que complet\u00f3 el segundo a\u00f1o de estad\u00eda en el CENARD, en Buenos Aires.<\/p>\n<p>En el repaso de los compromisos salientes del a\u00f1o, mencion\u00f3 que \u00abfue muy bueno ganar en\u00a0La Paz, clasifiqu\u00e9 para el Sudamericano de Montevideo donde en mi primer a\u00f1o junior me fue bien clasificando para el Panamericano. Y en Brasil creo que me la rebusqu\u00e9, era un nivel muy alto\u00bb.<\/p>\n<p>Pedro termina de pasar a quinto a\u00f1o de la Escuela Secundaria que realiza en el CENARD, mientras viene saliendo de la pretemporada diagramada por el entrenador Miguel Seoane. \u00abEste per\u00edodo es de mucha\u00a0carga de entrenamientos, muy fuerte. La Escuela te da facilidades, pero sigue siendo compleja, con muchos trabajos pr\u00e1cticos. Los entrenamientos son siempre en doble turno, de lunes a lunes. Generalmente nataci\u00f3n a la ma\u00f1ana, donde se puede incluir gimnasio. Y por la tarde se entrena pedestrismo con ciclismo\u00bb.<\/p>\n<p>En cuanto a los objetivos para 2019, especific\u00f3 que \u00abapuntamos a\u00a0lo mismo que el a\u00f1o pasado, hacer buenas fechas nacionales, clasificar y lograr un buen Sudamericano -que se har\u00e1 otra vez en Montevideo-, y tratar de ganarse un lugar para el Panamericano en M\u00e9xico\u00bb.<\/p>\n<p>Sobre el primer compromiso de trascendencia del a\u00f1o entrante, el tradicional La Paz, confirm\u00f3 que \u00abvoy a correr en mi categor\u00eda, por ah\u00ed me piden que corra con los Elite, pero prefiero ir tranquilo y hacer el sprint con los chicos de mi edad\u00bb.<\/p>\n<p>Este es el audio de la nota:<\/p>\n<!--[if lt IE 9]><script>document.createElement('audio');<\/script><![endif]-->\n<audio class=\"wp-audio-shortcode\" id=\"audio-15929-1\" preload=\"none\" style=\"width: 100%;\" controls=\"controls\"><source type=\"audio\/mpeg\" src=\"http:\/\/todoapulmon-rafaela.com\/wp-content\/uploads\/2018\/12\/2018-12-21PEDROEMMERT.mp3?_=1\" \/><a href=\"http:\/\/todoapulmon-rafaela.com\/wp-content\/uploads\/2018\/12\/2018-12-21PEDROEMMERT.mp3\">http:\/\/todoapulmon-rafaela.com\/wp-content\/uploads\/2018\/12\/2018-12-21PEDROEMMERT.mp3<\/a><\/audio>\n<p>&nbsp;<\/p>\n","protected":false},"excerpt":{"rendered":"<p>La semana anterior nos visit\u00f3 en Todo a Pulm\u00f3n radio Pedro Emmert. El triatleta rafaelino hizo un balance positivo de<\/p>\n","protected":false},"author":2,"featured_media":15930,"comment_status":"open","ping_status":"open","sticky":false,"template":"","format":"standard","meta":{"footnotes":""},"categories":[24,28],"tags":[],"class_list":["post-15929","post","type-post","status-publish","format-standard","has-post-thumbnail","hentry","category-noticias-destacadas","category-triatlon"],"cc_featured_image_caption":{"caption_text":"Pedro Emmert durante la visita a Todo a Pulm\u00f3n radio, en FM El Espectador.","source_text":"","source_url":""},"_links":{"self":[{"href":"https:\/\/todoapulmon-rafaela.com\/index.php\/wp-json\/wp\/v2\/posts\/15929"}],"collection":[{"href":"https:\/\/todoapulmon-rafaela.com\/index.php\/wp-json\/wp\/v2\/posts"}],"about":[{"href":"https:\/\/todoapulmon-rafaela.com\/index.php\/wp-json\/wp\/v2\/types\/post"}],"author":[{"embeddable":true,"href":"https:\/\/todoapulmon-rafaela.com\/index.php\/wp-json\/wp\/v2\/users\/2"}],"replies":[{"embeddable":true,"href":"https:\/\/todoapulmon-rafaela.com\/index.php\/wp-json\/wp\/v2\/comments?post=15929"}],"version-history":[{"count":1,"href":"https:\/\/todoapulmon-rafaela.com\/index.php\/wp-json\/wp\/v2\/posts\/15929\/revisions"}],"predecessor-version":[{"id":15932,"href":"https:\/\/todoapulmon-rafaela.com\/index.php\/wp-json\/wp\/v2\/posts\/15929\/revisions\/15932"}],"wp:featuredmedia":[{"embeddable":true,"href":"https:\/\/todoapulmon-rafaela.com\/index.php\/wp-json\/wp\/v2\/media\/15930"}],"wp:attachment":[{"href":"https:\/\/todoapulmon-rafaela.com\/index.php\/wp-json\/wp\/v2\/media?parent=15929"}],"wp:term":[{"taxonomy":"category","embeddable":true,"href":"https:\/\/todoapulmon-rafaela.com\/index.php\/wp-json\/wp\/v2\/categories?post=15929"},{"taxonomy":"post_tag","embeddable":true,"href":"https:\/\/todoapulmon-rafaela.com\/index.php\/wp-json\/wp\/v2\/tags?post=15929"}],"curies":[{"name":"wp","href":"https:\/\/api.w.org\/{rel}","templated":true}]}}