{"id":15924,"date":"2018-12-23T13:27:49","date_gmt":"2018-12-23T13:27:49","guid":{"rendered":"http:\/\/todoapulmon-rafaela.com\/?p=15924"},"modified":"2018-12-23T13:27:49","modified_gmt":"2018-12-23T13:27:49","slug":"la-fosh-organizara-regionales-de-mayores-y-sub-14","status":"publish","type":"post","link":"https:\/\/todoapulmon-rafaela.com\/index.php\/2018\/12\/23\/la-fosh-organizara-regionales-de-mayores-y-sub-14\/","title":{"rendered":"La FOSH organizar\u00e1 Regionales de Mayores y Sub 14"},"content":{"rendered":"<div>\n<div>La Federaci\u00f3n del Oeste Santafesino de Hockey sobre C\u00e9sped solicit\u00f3 a la Confederaci\u00f3n Argentina de Hockey la organizaci\u00f3n hace dos a\u00f1os, aproximadamente, del\u00a0<b>CAMPEONATO REGIONAL DE CLUBES NEA DAMAS \u00abF\u00bb<\/b>\u00a0ofreciendo para el mismo las instalaciones de los Clubes Alma Jrs de la ciudad de Esperanza y la reciente cancha inaugurada por el Club Atl\u00e9tico Sarmiento de Humboldt.<\/div>\n<div>En el a\u00f1o 2019 disputar\u00e1n el\u00a0<b>REGIONAL DE CLUBES DAMAS NEA \u00abF\u00bb<\/b>\u00a0Club 9 de Julio de Rafaela, Club Juventud Unida de Humboldt, Club 9 de Julio de Morteros, C. A. Sarmiento de Humboldt, Club STIC de Las Toscas (instituci\u00f3n que desde el 2019 se suma a la Federaci\u00f3n en el Campeonato Interior Noreste) y el C. D. Libertad.<\/div>\n<div>Dicha solicitud fue aprobada por la Comisi\u00f3n de Campeonatos de la C.A.H. confirm\u00e1ndose el evento en el mes de marzo, del 14 al 17, como mencionar\u00e1mos en esta p\u00e1gina con anterioridad.<\/div>\n<div>Pero la FOSH ha resaltado que \u00abcon grata sorpresa se nos ha dado la responsabilidad de la organizaci\u00f3n tambi\u00e9n para el a\u00f1o 2019 del\u00a0<b>REGIONAL DE CLUBES NEA SUB14 \u00abA\u00bb<\/b>\u00a0tanto en\u00a0<b>DAMAS<\/b>\u00a0como en\u00a0<b>CABALLEROS,<\/b>\u00a0evento para lo cual se utilizar\u00e1n nuevamente las instalaciones de los clubes antes mencionados.<\/div>\n<div>Dichos campeonatos se disputar\u00e1n del 1 al 4 de agosto.\u00a0En dicho evento participar\u00e1 el Club 9 de Julio de Rafaela en Damas\u00bb.<\/div>\n<div>Con esto la Federaci\u00f3n tiene la responsabilidad de llevar adelante 3 competencias pertenecientes al calendario de campeonatos oficiales de la C.A.H.<\/div>\n<div><\/div>\n<\/div>\n<div><\/div>\n","protected":false},"excerpt":{"rendered":"<p>La Federaci\u00f3n del Oeste Santafesino de Hockey sobre C\u00e9sped solicit\u00f3 a la Confederaci\u00f3n Argentina de Hockey la organizaci\u00f3n hace dos<\/p>\n","protected":false},"author":2,"featured_media":11390,"comment_status":"open","ping_status":"open","sticky":false,"template":"","format":"standard","meta":{"footnotes":""},"categories":[3,24],"tags":[],"class_list":["post-15924","post","type-post","status-publish","format-standard","has-post-thumbnail","hentry","category-hockey","category-noticias-destacadas"],"cc_featured_image_caption":{"caption_text":"","source_text":"","source_url":""},"_links":{"self":[{"href":"https:\/\/todoapulmon-rafaela.com\/index.php\/wp-json\/wp\/v2\/posts\/15924"}],"collection":[{"href":"https:\/\/todoapulmon-rafaela.com\/index.php\/wp-json\/wp\/v2\/posts"}],"about":[{"href":"https:\/\/todoapulmon-rafaela.com\/index.php\/wp-json\/wp\/v2\/types\/post"}],"author":[{"embeddable":true,"href":"https:\/\/todoapulmon-rafaela.com\/index.php\/wp-json\/wp\/v2\/users\/2"}],"replies":[{"embeddable":true,"href":"https:\/\/todoapulmon-rafaela.com\/index.php\/wp-json\/wp\/v2\/comments?post=15924"}],"version-history":[{"count":1,"href":"https:\/\/todoapulmon-rafaela.com\/index.php\/wp-json\/wp\/v2\/posts\/15924\/revisions"}],"predecessor-version":[{"id":15925,"href":"https:\/\/todoapulmon-rafaela.com\/index.php\/wp-json\/wp\/v2\/posts\/15924\/revisions\/15925"}],"wp:featuredmedia":[{"embeddable":true,"href":"https:\/\/todoapulmon-rafaela.com\/index.php\/wp-json\/wp\/v2\/media\/11390"}],"wp:attachment":[{"href":"https:\/\/todoapulmon-rafaela.com\/index.php\/wp-json\/wp\/v2\/media?parent=15924"}],"wp:term":[{"taxonomy":"category","embeddable":true,"href":"https:\/\/todoapulmon-rafaela.com\/index.php\/wp-json\/wp\/v2\/categories?post=15924"},{"taxonomy":"post_tag","embeddable":true,"href":"https:\/\/todoapulmon-rafaela.com\/index.php\/wp-json\/wp\/v2\/tags?post=15924"}],"curies":[{"name":"wp","href":"https:\/\/api.w.org\/{rel}","templated":true}]}}