{"id":1586,"date":"2016-07-01T13:12:32","date_gmt":"2016-07-01T13:12:32","guid":{"rendered":"http:\/\/todoapulmon-rafaela.com\/?p=1586"},"modified":"2016-07-01T13:12:32","modified_gmt":"2016-07-01T13:12:32","slug":"la-arv-disputa-el-provincial-sub-13","status":"publish","type":"post","link":"https:\/\/todoapulmon-rafaela.com\/index.php\/2016\/07\/01\/la-arv-disputa-el-provincial-sub-13\/","title":{"rendered":"La ARV disputa el Provincial Sub 13"},"content":{"rendered":"<p align=\"JUSTIFY\"><span style=\"color: #000000;font-family: _sans\">Entre el s\u00e1bado 2 y domingo 3 de Julio se realizar\u00e1 el Torneo Interasociaciones Sub 13 en ambas ramas, organizado por la Asociaci\u00f3n de V\u00f3leibol del Sur Oeste Santafesino y con la fiscalizaci\u00f3n de la Federaci\u00f3n Santafesina de V\u00f3leibol.\u00a0<\/span><span style=\"color: #000000;font-family: _sans\">El Club \u00cdtalo Argentino de Wheelwright ser\u00e1 anfitri\u00f3n de ambas competencias, que tendr\u00e1 la participaci\u00f3n de 6 selecciones femeninas y 3 masculinas.<\/span><\/p>\n<p align=\"JUSTIFY\"><span style=\"color: #000000;font-family: _sans\">En mujeres, el d\u00eda s\u00e1bado el torneo se dividir\u00e1 en dos zonas, donde jugar\u00e1n todos contra todos por suma de puntos. Los primeros de cada zona clasifican dir\u00e9ctamente a semifinales para el d\u00eda domingo. Los 2\u00ba y 3\u00ba de cada zona se cruzar\u00e1n ese mismo s\u00e1bado para determinar los otros dos semifinalistas.<\/span><\/p>\n<p align=\"JUSTIFY\"><span style=\"color: #000000;font-family: _sans\">El seleccionado de la Asociaci\u00f3n Rafaelina integrar\u00e1 la Zona A junto a la Rosarina y la delegaci\u00f3n local. En la restante estar\u00e1n Santafesina, Ca\u00f1adense y Oeste Santafesino. El equipo de la ARV ser\u00e1 dirigido por Jorge Carignano (Libertad de Sunchales) y como asistente estar\u00e1 Alejandra Schereter.<\/span><\/p>\n","protected":false},"excerpt":{"rendered":"<p>Entre el s\u00e1bado 2 y domingo 3 de Julio se realizar\u00e1 el Torneo Interasociaciones Sub 13 en ambas ramas, organizado<\/p>\n","protected":false},"author":2,"featured_media":1587,"comment_status":"open","ping_status":"open","sticky":false,"template":"","format":"standard","meta":{"footnotes":""},"categories":[16],"tags":[],"class_list":["post-1586","post","type-post","status-publish","format-standard","has-post-thumbnail","hentry","category-voley"],"cc_featured_image_caption":{"caption_text":"El seleccionado Sub 13 de la Asociaci\u00f3n Rafaelina de Voleibol.","source_text":"","source_url":""},"_links":{"self":[{"href":"https:\/\/todoapulmon-rafaela.com\/index.php\/wp-json\/wp\/v2\/posts\/1586"}],"collection":[{"href":"https:\/\/todoapulmon-rafaela.com\/index.php\/wp-json\/wp\/v2\/posts"}],"about":[{"href":"https:\/\/todoapulmon-rafaela.com\/index.php\/wp-json\/wp\/v2\/types\/post"}],"author":[{"embeddable":true,"href":"https:\/\/todoapulmon-rafaela.com\/index.php\/wp-json\/wp\/v2\/users\/2"}],"replies":[{"embeddable":true,"href":"https:\/\/todoapulmon-rafaela.com\/index.php\/wp-json\/wp\/v2\/comments?post=1586"}],"version-history":[{"count":1,"href":"https:\/\/todoapulmon-rafaela.com\/index.php\/wp-json\/wp\/v2\/posts\/1586\/revisions"}],"predecessor-version":[{"id":1588,"href":"https:\/\/todoapulmon-rafaela.com\/index.php\/wp-json\/wp\/v2\/posts\/1586\/revisions\/1588"}],"wp:featuredmedia":[{"embeddable":true,"href":"https:\/\/todoapulmon-rafaela.com\/index.php\/wp-json\/wp\/v2\/media\/1587"}],"wp:attachment":[{"href":"https:\/\/todoapulmon-rafaela.com\/index.php\/wp-json\/wp\/v2\/media?parent=1586"}],"wp:term":[{"taxonomy":"category","embeddable":true,"href":"https:\/\/todoapulmon-rafaela.com\/index.php\/wp-json\/wp\/v2\/categories?post=1586"},{"taxonomy":"post_tag","embeddable":true,"href":"https:\/\/todoapulmon-rafaela.com\/index.php\/wp-json\/wp\/v2\/tags?post=1586"}],"curies":[{"name":"wp","href":"https:\/\/api.w.org\/{rel}","templated":true}]}}