{"id":15744,"date":"2018-12-04T02:22:30","date_gmt":"2018-12-04T02:22:30","guid":{"rendered":"http:\/\/todoapulmon-rafaela.com\/?p=15744"},"modified":"2018-12-04T02:22:30","modified_gmt":"2018-12-04T02:22:30","slug":"santa-fe-juega-el-argentino-con-presencias-rafaelinas","status":"publish","type":"post","link":"https:\/\/todoapulmon-rafaela.com\/index.php\/2018\/12\/04\/santa-fe-juega-el-argentino-con-presencias-rafaelinas\/","title":{"rendered":"Santa Fe juega el Argentino con presencias rafaelinas"},"content":{"rendered":"<p>Tras entrenar en Banco de Rosario, la selecci\u00f3n de Santa Fe viaj\u00f3 a Concepci\u00f3n del Uruguay y este martes se presenta en el Argentino femenino de mayores.<br \/>\nEl entrenador Pablo Menecier (reemplaz\u00f3 a Gustavo Casazza, que por motivos laborales no pudo hacerse cargo del equipo) ser\u00e1 el conductor santafesino. El plantel tiene la presencia de las hermanas Andrea y Laura R\u00e9bola, jugadoras de Ben Hur.<br \/>\n<strong>Todo el plantel:<\/strong> Emilia Giustiniani, Laila Raviolo, Yanet Traid, Victoria Moyano, Andrea R\u00e9bola, Natalia R\u00edos, Laura R\u00e9bola, Roc\u00edo Segundo, Delfina Zambrini, Lucila Cragnolino, Mar\u00eda Victoria Fux y Johana Puchetti.<br \/>\nSanta Fe jugar\u00e1 a las 17 ante Chaco en el Club Parque Sur, el mi\u00e9rcoles a las 21 ante San Luis y el jueves a las 17 frente a Mendoza, en cuanto a la etapa clasificatoria.<\/p>\n","protected":false},"excerpt":{"rendered":"<p>Tras entrenar en Banco de Rosario, la selecci\u00f3n de Santa Fe viaj\u00f3 a Concepci\u00f3n del Uruguay y este martes se<\/p>\n","protected":false},"author":2,"featured_media":15745,"comment_status":"open","ping_status":"open","sticky":false,"template":"","format":"standard","meta":{"footnotes":""},"categories":[5,24],"tags":[],"class_list":["post-15744","post","type-post","status-publish","format-standard","has-post-thumbnail","hentry","category-basquet","category-noticias-destacadas"],"cc_featured_image_caption":{"caption_text":"Laura R\u00e9bola con la n\u00famero 15 (foto  Prensa de la Federaci\u00f3n Santafesina).","source_text":"","source_url":""},"_links":{"self":[{"href":"https:\/\/todoapulmon-rafaela.com\/index.php\/wp-json\/wp\/v2\/posts\/15744"}],"collection":[{"href":"https:\/\/todoapulmon-rafaela.com\/index.php\/wp-json\/wp\/v2\/posts"}],"about":[{"href":"https:\/\/todoapulmon-rafaela.com\/index.php\/wp-json\/wp\/v2\/types\/post"}],"author":[{"embeddable":true,"href":"https:\/\/todoapulmon-rafaela.com\/index.php\/wp-json\/wp\/v2\/users\/2"}],"replies":[{"embeddable":true,"href":"https:\/\/todoapulmon-rafaela.com\/index.php\/wp-json\/wp\/v2\/comments?post=15744"}],"version-history":[{"count":1,"href":"https:\/\/todoapulmon-rafaela.com\/index.php\/wp-json\/wp\/v2\/posts\/15744\/revisions"}],"predecessor-version":[{"id":15746,"href":"https:\/\/todoapulmon-rafaela.com\/index.php\/wp-json\/wp\/v2\/posts\/15744\/revisions\/15746"}],"wp:featuredmedia":[{"embeddable":true,"href":"https:\/\/todoapulmon-rafaela.com\/index.php\/wp-json\/wp\/v2\/media\/15745"}],"wp:attachment":[{"href":"https:\/\/todoapulmon-rafaela.com\/index.php\/wp-json\/wp\/v2\/media?parent=15744"}],"wp:term":[{"taxonomy":"category","embeddable":true,"href":"https:\/\/todoapulmon-rafaela.com\/index.php\/wp-json\/wp\/v2\/categories?post=15744"},{"taxonomy":"post_tag","embeddable":true,"href":"https:\/\/todoapulmon-rafaela.com\/index.php\/wp-json\/wp\/v2\/tags?post=15744"}],"curies":[{"name":"wp","href":"https:\/\/api.w.org\/{rel}","templated":true}]}}