{"id":15670,"date":"2018-11-29T11:32:22","date_gmt":"2018-11-29T11:32:22","guid":{"rendered":"http:\/\/todoapulmon-rafaela.com\/?p=15670"},"modified":"2018-11-29T11:33:11","modified_gmt":"2018-11-29T11:33:11","slug":"era-algo-que-sonabamos-al-comienzo-del-ano","status":"publish","type":"post","link":"https:\/\/todoapulmon-rafaela.com\/index.php\/2018\/11\/29\/era-algo-que-sonabamos-al-comienzo-del-ano\/","title":{"rendered":"\u00abEra algo que so\u00f1\u00e1bamos al comienzo del a\u00f1o\u00bb"},"content":{"rendered":"<p>Luego de las medallas de oro obtenidas en vallas, tanto en 80 como en 295 metros con vallas en el Nacional U16, Araceli Mondino visit\u00f3 este martes Todo a Pulm\u00f3n radio en FM El Espectador para contar sus sensaciones.<\/p>\n<p>\u00abEste era el \u00faltimo esfuerzo del a\u00f1o, de los torneos mas importantes para lo que me vine preparando desde enero cuando comenzamos a entrenar. Tuve la posibilidad de salir campeona, y terminar como n\u00famero 1 en mi categor\u00eda en 80 y 295 metros con vallas, que me pone muy feliz, era algo que lo so\u00f1\u00e1bamos al comienzo del a\u00f1o. Adem\u00e1s en 80 metros pude mejorar mi marca, que es tambi\u00e9n importante\u00bb.<\/p>\n<p>Destac\u00f3 que \u00abeste torneo, junto con los Evita en Mar del Plata, y la Copa de Clubes en Concepci\u00f3n del Uruguay realizada a mediados de a\u00f1o, fueron los torneos que m\u00e1s disfrut\u00e9\u00bb.<\/p>\n<p>Este es el audio completo de la nota:<\/p>\n<!--[if lt IE 9]><script>document.createElement('audio');<\/script><![endif]-->\n<audio class=\"wp-audio-shortcode\" id=\"audio-15670-1\" preload=\"none\" style=\"width: 100%;\" controls=\"controls\"><source type=\"audio\/mpeg\" src=\"http:\/\/todoapulmon-rafaela.com\/wp-content\/uploads\/2018\/11\/2018-11-27-Araceli-Mondino-.mp3?_=1\" \/><a href=\"http:\/\/todoapulmon-rafaela.com\/wp-content\/uploads\/2018\/11\/2018-11-27-Araceli-Mondino-.mp3\">http:\/\/todoapulmon-rafaela.com\/wp-content\/uploads\/2018\/11\/2018-11-27-Araceli-Mondino-.mp3<\/a><\/audio>\n<p>&nbsp;<\/p>\n","protected":false},"excerpt":{"rendered":"<p>Luego de las medallas de oro obtenidas en vallas, tanto en 80 como en 295 metros con vallas en el<\/p>\n","protected":false},"author":2,"featured_media":15678,"comment_status":"open","ping_status":"open","sticky":false,"template":"","format":"standard","meta":{"footnotes":""},"categories":[7,24],"tags":[],"class_list":["post-15670","post","type-post","status-publish","format-standard","has-post-thumbnail","hentry","category-atletismo","category-noticias-destacadas"],"cc_featured_image_caption":{"caption_text":"","source_text":"","source_url":""},"_links":{"self":[{"href":"https:\/\/todoapulmon-rafaela.com\/index.php\/wp-json\/wp\/v2\/posts\/15670"}],"collection":[{"href":"https:\/\/todoapulmon-rafaela.com\/index.php\/wp-json\/wp\/v2\/posts"}],"about":[{"href":"https:\/\/todoapulmon-rafaela.com\/index.php\/wp-json\/wp\/v2\/types\/post"}],"author":[{"embeddable":true,"href":"https:\/\/todoapulmon-rafaela.com\/index.php\/wp-json\/wp\/v2\/users\/2"}],"replies":[{"embeddable":true,"href":"https:\/\/todoapulmon-rafaela.com\/index.php\/wp-json\/wp\/v2\/comments?post=15670"}],"version-history":[{"count":2,"href":"https:\/\/todoapulmon-rafaela.com\/index.php\/wp-json\/wp\/v2\/posts\/15670\/revisions"}],"predecessor-version":[{"id":15677,"href":"https:\/\/todoapulmon-rafaela.com\/index.php\/wp-json\/wp\/v2\/posts\/15670\/revisions\/15677"}],"wp:featuredmedia":[{"embeddable":true,"href":"https:\/\/todoapulmon-rafaela.com\/index.php\/wp-json\/wp\/v2\/media\/15678"}],"wp:attachment":[{"href":"https:\/\/todoapulmon-rafaela.com\/index.php\/wp-json\/wp\/v2\/media?parent=15670"}],"wp:term":[{"taxonomy":"category","embeddable":true,"href":"https:\/\/todoapulmon-rafaela.com\/index.php\/wp-json\/wp\/v2\/categories?post=15670"},{"taxonomy":"post_tag","embeddable":true,"href":"https:\/\/todoapulmon-rafaela.com\/index.php\/wp-json\/wp\/v2\/tags?post=15670"}],"curies":[{"name":"wp","href":"https:\/\/api.w.org\/{rel}","templated":true}]}}