{"id":15666,"date":"2018-11-28T11:54:47","date_gmt":"2018-11-28T11:54:47","guid":{"rendered":"http:\/\/todoapulmon-rafaela.com\/?p=15666"},"modified":"2018-11-28T11:54:47","modified_gmt":"2018-11-28T11:54:47","slug":"siempre-esta-la-ilusion-de-llegar-a-elite","status":"publish","type":"post","link":"https:\/\/todoapulmon-rafaela.com\/index.php\/2018\/11\/28\/siempre-esta-la-ilusion-de-llegar-a-elite\/","title":{"rendered":"\u00abSiempre est\u00e1 la ilusi\u00f3n de llegar a elite\u00bb"},"content":{"rendered":"<p>D\u00edas pasados dialogamos en Todo a Pulm\u00f3n radio, por FM El Espectador, con Valentina Peretto. La gimnasta de 19 a\u00f1os, representante de CREAR, obtuvo recientemente el subcampeonato nacional Nivel B1 en Santa Fe.<\/p>\n<p>\u00abEstoy muy feliz, porque hab\u00eda arrancado el a\u00f1o un poco mal con una lesi\u00f3n. Tuve una fisura de escafoides, que me tuvo 45 d\u00edas con yeso y luego dos meses de rehabilitaci\u00f3n. Al principio me hab\u00edan dicho que iban a ser seis meses, pero por suerte fue mucho menos, y no me pude perder tantos torneos\u00bb, nos cont\u00f3 en el inicio de la entrevista.<\/p>\n<p>Valentina ya hab\u00eda sido subcampeona argentina el a\u00f1o pasado en el Nivel B2 y por dos cent\u00e9simas solamente no pudo alcanzar el t\u00edtulo. \u00abVen\u00eda entrenando muy bien, ten\u00eda muchas expectativas y a pesar de una falla en paralelas, que de no haberla tenido me hubiera podido ir mejor, con saber que podr\u00eda haber llegado a m\u00e1s me puso muy feliz\u00bb, mencion\u00f3 a modo de balance.<\/p>\n<p>En cuanto a las aspiraciones futuras, destac\u00f3 que \u00absiempre est\u00e1 la ilusi\u00f3n de llegar a un elite. Pensaba que este iba a ser mi \u00faltimo a\u00f1o, pero ahora sabiendo que pude llegar a esto, voy a seguir intentando y arrancar con todo el a\u00f1o que viene\u00bb.<\/p>\n<p>Cabe destacar que la gimnasta entrenada por Silvia y V\u00edctor Ingaramo tambi\u00e9n realiza una actividad muy especial, como payam\u00e9dico. \u00abEs algo que surgi\u00f3 a pesar de la lesi\u00f3n, cuando estaba muy triste. Hice el curso y es mi cable a tierra, es lo que me desenchufa de todo. Y me da alegr\u00eda hacerlo.\u00a0Todos los s\u00e1bados a la ma\u00f1ana vamos al Hospital Jaime Ferr\u00e9 a visitar a los enfermos, intentando que la gente pueda sonreir\u00bb.<\/p>\n<p>El audio completo de la nota:<\/p>\n<!--[if lt IE 9]><script>document.createElement('audio');<\/script><![endif]-->\n<audio class=\"wp-audio-shortcode\" id=\"audio-15666-1\" preload=\"none\" style=\"width: 100%;\" controls=\"controls\"><source type=\"audio\/mpeg\" src=\"http:\/\/todoapulmon-rafaela.com\/wp-content\/uploads\/2018\/11\/2018-11-22-Valentina-Peretto.mp3?_=1\" \/><a href=\"http:\/\/todoapulmon-rafaela.com\/wp-content\/uploads\/2018\/11\/2018-11-22-Valentina-Peretto.mp3\">http:\/\/todoapulmon-rafaela.com\/wp-content\/uploads\/2018\/11\/2018-11-22-Valentina-Peretto.mp3<\/a><\/audio>\n","protected":false},"excerpt":{"rendered":"<p>D\u00edas pasados dialogamos en Todo a Pulm\u00f3n radio, por FM El Espectador, con Valentina Peretto. La gimnasta de 19 a\u00f1os,<\/p>\n","protected":false},"author":2,"featured_media":15668,"comment_status":"open","ping_status":"open","sticky":false,"template":"","format":"standard","meta":{"footnotes":""},"categories":[24],"tags":[],"class_list":["post-15666","post","type-post","status-publish","format-standard","has-post-thumbnail","hentry","category-noticias-destacadas"],"cc_featured_image_caption":{"caption_text":"","source_text":"","source_url":""},"_links":{"self":[{"href":"https:\/\/todoapulmon-rafaela.com\/index.php\/wp-json\/wp\/v2\/posts\/15666"}],"collection":[{"href":"https:\/\/todoapulmon-rafaela.com\/index.php\/wp-json\/wp\/v2\/posts"}],"about":[{"href":"https:\/\/todoapulmon-rafaela.com\/index.php\/wp-json\/wp\/v2\/types\/post"}],"author":[{"embeddable":true,"href":"https:\/\/todoapulmon-rafaela.com\/index.php\/wp-json\/wp\/v2\/users\/2"}],"replies":[{"embeddable":true,"href":"https:\/\/todoapulmon-rafaela.com\/index.php\/wp-json\/wp\/v2\/comments?post=15666"}],"version-history":[{"count":1,"href":"https:\/\/todoapulmon-rafaela.com\/index.php\/wp-json\/wp\/v2\/posts\/15666\/revisions"}],"predecessor-version":[{"id":15669,"href":"https:\/\/todoapulmon-rafaela.com\/index.php\/wp-json\/wp\/v2\/posts\/15666\/revisions\/15669"}],"wp:featuredmedia":[{"embeddable":true,"href":"https:\/\/todoapulmon-rafaela.com\/index.php\/wp-json\/wp\/v2\/media\/15668"}],"wp:attachment":[{"href":"https:\/\/todoapulmon-rafaela.com\/index.php\/wp-json\/wp\/v2\/media?parent=15666"}],"wp:term":[{"taxonomy":"category","embeddable":true,"href":"https:\/\/todoapulmon-rafaela.com\/index.php\/wp-json\/wp\/v2\/categories?post=15666"},{"taxonomy":"post_tag","embeddable":true,"href":"https:\/\/todoapulmon-rafaela.com\/index.php\/wp-json\/wp\/v2\/tags?post=15666"}],"curies":[{"name":"wp","href":"https:\/\/api.w.org\/{rel}","templated":true}]}}