{"id":15657,"date":"2018-11-27T12:27:16","date_gmt":"2018-11-27T12:27:16","guid":{"rendered":"http:\/\/todoapulmon-rafaela.com\/?p=15657"},"modified":"2018-11-27T12:27:16","modified_gmt":"2018-11-27T12:27:16","slug":"podios-de-willener-y-durando-en-la-falda","status":"publish","type":"post","link":"https:\/\/todoapulmon-rafaela.com\/index.php\/2018\/11\/27\/podios-de-willener-y-durando-en-la-falda\/","title":{"rendered":"Podios de Willener y Durando en La Falda"},"content":{"rendered":"<p>Se disput\u00f3 el domingo 25 la sexta edici\u00f3n de La Falda Bike Race en la localidad cordobesa, prueba que cont\u00f3 con 750 pedalistas y sigue siendo una de las m\u00e1s convocantes del calendario del Rally Bike. En la misma tuvieron un meritorio desempe\u00f1o algunos bikers rafaelinos, entre ellos Norberto Willener y Ra\u00fal Durando.<\/p>\n<p>El circuito tuvo 42 km de recorrido para categor\u00edas competitivas, iniciando con la dura subida del puma, el vado de los gatos, el paso por los diques de Huerta Grande, la subida al camino cortafuegos y all\u00ed se divid\u00edan los recorridos, para los promocionales se giraba a la derecha hacia el hotel Ed\u00e9n, mientras que el recorrido competitivo giraba a la izquierda iniciando la subida al viejo camino al cuadrado, con sus duras rampas y hermosas vistas, para luego realizar el fren\u00e9tico descenso por la parte asfaltada.<\/p>\n<p>El experimentado Jorge Giacinti (B1) logr\u00f3 la victoria en la general masculina, mientras que Carolina Maldonado lo hizo en damas.<\/p>\n<p>POSICIONES DE LOS RAFAELINOS<\/p>\n<p><strong>Sub 23:<\/strong> 9\u00ba Eric Willener con 1h56m42s. Participantes: 18.<\/p>\n<p><strong>Master A2:<\/strong> 47\u00ba Edgardo Rasetto en 2h00m21s. Participantes: 105.<\/p>\n<p><strong>Master B1:<\/strong> 23\u00ba Julio Sol\u00f3rzano en 1h47m08s. Participantes: 121.<\/p>\n<p><strong>Master C2<\/strong>: 3\u00ba Norberto Willener en 1h58m35s. Participantes: 22.<\/p>\n<p><strong>Master D2<\/strong>: 2\u00ba Ra\u00fal Durando en 2h04m51s. Participantes: 8.<\/p>\n","protected":false},"excerpt":{"rendered":"<p>Se disput\u00f3 el domingo 25 la sexta edici\u00f3n de La Falda Bike Race en la localidad cordobesa, prueba que cont\u00f3<\/p>\n","protected":false},"author":2,"featured_media":15658,"comment_status":"open","ping_status":"open","sticky":false,"template":"","format":"standard","meta":{"footnotes":""},"categories":[4,24],"tags":[],"class_list":["post-15657","post","type-post","status-publish","format-standard","has-post-thumbnail","hentry","category-ciclismo","category-noticias-destacadas"],"cc_featured_image_caption":{"caption_text":"El podio de la categor\u00eda Master D2, donde fue segundo Ra\u00fal Durando (foto Infobiker).","source_text":"","source_url":""},"_links":{"self":[{"href":"https:\/\/todoapulmon-rafaela.com\/index.php\/wp-json\/wp\/v2\/posts\/15657"}],"collection":[{"href":"https:\/\/todoapulmon-rafaela.com\/index.php\/wp-json\/wp\/v2\/posts"}],"about":[{"href":"https:\/\/todoapulmon-rafaela.com\/index.php\/wp-json\/wp\/v2\/types\/post"}],"author":[{"embeddable":true,"href":"https:\/\/todoapulmon-rafaela.com\/index.php\/wp-json\/wp\/v2\/users\/2"}],"replies":[{"embeddable":true,"href":"https:\/\/todoapulmon-rafaela.com\/index.php\/wp-json\/wp\/v2\/comments?post=15657"}],"version-history":[{"count":1,"href":"https:\/\/todoapulmon-rafaela.com\/index.php\/wp-json\/wp\/v2\/posts\/15657\/revisions"}],"predecessor-version":[{"id":15659,"href":"https:\/\/todoapulmon-rafaela.com\/index.php\/wp-json\/wp\/v2\/posts\/15657\/revisions\/15659"}],"wp:featuredmedia":[{"embeddable":true,"href":"https:\/\/todoapulmon-rafaela.com\/index.php\/wp-json\/wp\/v2\/media\/15658"}],"wp:attachment":[{"href":"https:\/\/todoapulmon-rafaela.com\/index.php\/wp-json\/wp\/v2\/media?parent=15657"}],"wp:term":[{"taxonomy":"category","embeddable":true,"href":"https:\/\/todoapulmon-rafaela.com\/index.php\/wp-json\/wp\/v2\/categories?post=15657"},{"taxonomy":"post_tag","embeddable":true,"href":"https:\/\/todoapulmon-rafaela.com\/index.php\/wp-json\/wp\/v2\/tags?post=15657"}],"curies":[{"name":"wp","href":"https:\/\/api.w.org\/{rel}","templated":true}]}}