{"id":15653,"date":"2018-11-26T17:52:19","date_gmt":"2018-11-26T17:52:19","guid":{"rendered":"http:\/\/todoapulmon-rafaela.com\/?p=15653"},"modified":"2018-11-26T17:55:06","modified_gmt":"2018-11-26T17:55:06","slug":"podios-rafaelinos-en-federacion","status":"publish","type":"post","link":"https:\/\/todoapulmon-rafaela.com\/index.php\/2018\/11\/26\/podios-rafaelinos-en-federacion\/","title":{"rendered":"Podios rafaelinos en Federaci\u00f3n"},"content":{"rendered":"<p>Con mas de 300 inscriptos se realiz\u00f3 el domingo 25 de noviembre la prueba de Aguas Abiertas en Federaci\u00f3n, Entre R\u00edos, denominada \u00ab8va edici\u00f3n 3Km Lago de Federaci\u00f3n\u00bb, en la cual participaron tres representantes de nuestra ciudad.<br \/>\nPablo Scozzina fue quinto en la categor\u00eda de 36 a 40 a\u00f1os con un tiempo de 46m56s; Pablo Racca 12\u00ba en la categor\u00eda de 41 a 45 a\u00f1os con 54m55s y Gabriel Dana quinto en la de 46 a 50 a\u00f1os con un registro de 49m31s.<br \/>\nEl ganador de la clasificaci\u00f3n general fue el federaense Tom\u00e1s Ben\u00edtez con 36m47s. El evento fue v\u00e1lido por la primera fecha del Circuito R\u00edo Uruguay.<br \/>\nParticiparon nadadores de distintas provincias de la Argentina y de Uruguay.<\/p>\n<figure id=\"attachment_15655\" aria-describedby=\"caption-attachment-15655\" style=\"width: 300px\" class=\"wp-caption alignnone\"><img loading=\"lazy\" decoding=\"async\" class=\"size-medium wp-image-15655\" src=\"http:\/\/todoapulmon-rafaela.com\/wp-content\/uploads\/2018\/11\/Scozzina-Federacion-300x198.jpg\" alt=\"Podio de la categor\u00eda del quinto puesto de Scozzina.\" width=\"300\" height=\"198\" srcset=\"https:\/\/todoapulmon-rafaela.com\/wp-content\/uploads\/2018\/11\/Scozzina-Federacion-300x198.jpg 300w, https:\/\/todoapulmon-rafaela.com\/wp-content\/uploads\/2018\/11\/Scozzina-Federacion.jpg 960w\" sizes=\"(max-width: 300px) 100vw, 300px\" \/><figcaption id=\"caption-attachment-15655\" class=\"wp-caption-text\">Podio de la categor\u00eda del quinto puesto de Scozzina.<\/figcaption><\/figure>\n","protected":false},"excerpt":{"rendered":"<p>Con mas de 300 inscriptos se realiz\u00f3 el domingo 25 de noviembre la prueba de Aguas Abiertas en Federaci\u00f3n, Entre<\/p>\n","protected":false},"author":2,"featured_media":15654,"comment_status":"open","ping_status":"open","sticky":false,"template":"","format":"standard","meta":{"footnotes":""},"categories":[26,24],"tags":[],"class_list":["post-15653","post","type-post","status-publish","format-standard","has-post-thumbnail","hentry","category-natacion","category-noticias-destacadas"],"cc_featured_image_caption":{"caption_text":"El podio de la categor\u00eda 46-50 donde fue quinto Gabriel Dana. (Foto Aguas Abiertas R\u00edo Uruguay).","source_text":"","source_url":""},"_links":{"self":[{"href":"https:\/\/todoapulmon-rafaela.com\/index.php\/wp-json\/wp\/v2\/posts\/15653"}],"collection":[{"href":"https:\/\/todoapulmon-rafaela.com\/index.php\/wp-json\/wp\/v2\/posts"}],"about":[{"href":"https:\/\/todoapulmon-rafaela.com\/index.php\/wp-json\/wp\/v2\/types\/post"}],"author":[{"embeddable":true,"href":"https:\/\/todoapulmon-rafaela.com\/index.php\/wp-json\/wp\/v2\/users\/2"}],"replies":[{"embeddable":true,"href":"https:\/\/todoapulmon-rafaela.com\/index.php\/wp-json\/wp\/v2\/comments?post=15653"}],"version-history":[{"count":1,"href":"https:\/\/todoapulmon-rafaela.com\/index.php\/wp-json\/wp\/v2\/posts\/15653\/revisions"}],"predecessor-version":[{"id":15656,"href":"https:\/\/todoapulmon-rafaela.com\/index.php\/wp-json\/wp\/v2\/posts\/15653\/revisions\/15656"}],"wp:featuredmedia":[{"embeddable":true,"href":"https:\/\/todoapulmon-rafaela.com\/index.php\/wp-json\/wp\/v2\/media\/15654"}],"wp:attachment":[{"href":"https:\/\/todoapulmon-rafaela.com\/index.php\/wp-json\/wp\/v2\/media?parent=15653"}],"wp:term":[{"taxonomy":"category","embeddable":true,"href":"https:\/\/todoapulmon-rafaela.com\/index.php\/wp-json\/wp\/v2\/categories?post=15653"},{"taxonomy":"post_tag","embeddable":true,"href":"https:\/\/todoapulmon-rafaela.com\/index.php\/wp-json\/wp\/v2\/tags?post=15653"}],"curies":[{"name":"wp","href":"https:\/\/api.w.org\/{rel}","templated":true}]}}