{"id":15646,"date":"2018-11-26T00:10:02","date_gmt":"2018-11-26T00:10:02","guid":{"rendered":"http:\/\/todoapulmon-rafaela.com\/?p=15646"},"modified":"2018-11-26T00:12:47","modified_gmt":"2018-11-26T00:12:47","slug":"ara-mondino-tuvo-su-segundo-oro-en-el-nacional-u16","status":"publish","type":"post","link":"https:\/\/todoapulmon-rafaela.com\/index.php\/2018\/11\/26\/ara-mondino-tuvo-su-segundo-oro-en-el-nacional-u16\/","title":{"rendered":"Ara Mondino tuvo su segundo oro en el Nacional U16"},"content":{"rendered":"<p>Ratificando su gran a\u00f1o, Araceli Mondino se coron\u00f3 doble campeona argentina en el Nacional U16 que se desarroll\u00f3 este fin de semana en la pista del complejo Mario Alberto Kempes de C\u00f3rdoba. Cerrando un 2018 exitoso, recordemos que el s\u00e1bado la atleta que representa al CRAS, logr\u00f3 batir su r\u00e9cord personal con 12\u201d11 y as\u00ed quedar como n\u00famero uno en el ranking anual en los 80 metros con vallas, logrando la primera medalla dorada rafaelina en el importante certamen.<br \/>\nEl domingo, continu\u00f3 su senda ganadora al imponerse en los 295 metros con vallas, con una s\u00f3lida performance y un registro de 47s14.<br \/>\nLa nutrida delegaci\u00f3n rafaelina que represent\u00f3 a la provincia de Santa Fe, cuyo equipo fue dirigido por el profesor Leandro Bonamino, tuvo adem\u00e1s otros importantes logros.<br \/>\nMateo M\u00e9ndez consigui\u00f3 el segundo puesto en lanzamiento de martillo. Se llev\u00f3 la medalla de plata con su segundo mejor registro personal, de 53m98. En tanto, Valentina Aballay consigui\u00f3 la medalla de bronce en los 80 metros llanos, mientras que la posta 5 x 80 santafesina fue campeona con Aballay, Mondino, Antonia Dana (Rosario), Sof\u00eda Alassia (Rosario) y Pilar Noguera (Chovet).<br \/>\nAsimismo, Virginia Abb\u00e1 consigui\u00f3 la medalla de bronce en lanzamiento de martillo con 42m71.<\/p>\n","protected":false},"excerpt":{"rendered":"<p>Ratificando su gran a\u00f1o, Araceli Mondino se coron\u00f3 doble campeona argentina en el Nacional U16 que se desarroll\u00f3 este fin<\/p>\n","protected":false},"author":2,"featured_media":15650,"comment_status":"open","ping_status":"open","sticky":false,"template":"","format":"standard","meta":{"footnotes":""},"categories":[7,24],"tags":[],"class_list":["post-15646","post","type-post","status-publish","format-standard","has-post-thumbnail","hentry","category-atletismo","category-noticias-destacadas"],"cc_featured_image_caption":{"caption_text":"","source_text":"","source_url":""},"_links":{"self":[{"href":"https:\/\/todoapulmon-rafaela.com\/index.php\/wp-json\/wp\/v2\/posts\/15646"}],"collection":[{"href":"https:\/\/todoapulmon-rafaela.com\/index.php\/wp-json\/wp\/v2\/posts"}],"about":[{"href":"https:\/\/todoapulmon-rafaela.com\/index.php\/wp-json\/wp\/v2\/types\/post"}],"author":[{"embeddable":true,"href":"https:\/\/todoapulmon-rafaela.com\/index.php\/wp-json\/wp\/v2\/users\/2"}],"replies":[{"embeddable":true,"href":"https:\/\/todoapulmon-rafaela.com\/index.php\/wp-json\/wp\/v2\/comments?post=15646"}],"version-history":[{"count":1,"href":"https:\/\/todoapulmon-rafaela.com\/index.php\/wp-json\/wp\/v2\/posts\/15646\/revisions"}],"predecessor-version":[{"id":15648,"href":"https:\/\/todoapulmon-rafaela.com\/index.php\/wp-json\/wp\/v2\/posts\/15646\/revisions\/15648"}],"wp:featuredmedia":[{"embeddable":true,"href":"https:\/\/todoapulmon-rafaela.com\/index.php\/wp-json\/wp\/v2\/media\/15650"}],"wp:attachment":[{"href":"https:\/\/todoapulmon-rafaela.com\/index.php\/wp-json\/wp\/v2\/media?parent=15646"}],"wp:term":[{"taxonomy":"category","embeddable":true,"href":"https:\/\/todoapulmon-rafaela.com\/index.php\/wp-json\/wp\/v2\/categories?post=15646"},{"taxonomy":"post_tag","embeddable":true,"href":"https:\/\/todoapulmon-rafaela.com\/index.php\/wp-json\/wp\/v2\/tags?post=15646"}],"curies":[{"name":"wp","href":"https:\/\/api.w.org\/{rel}","templated":true}]}}