{"id":15626,"date":"2018-11-24T19:17:40","date_gmt":"2018-11-24T19:17:40","guid":{"rendered":"http:\/\/todoapulmon-rafaela.com\/?p=15626"},"modified":"2018-11-24T19:23:10","modified_gmt":"2018-11-24T19:23:10","slug":"araceli-mondino-campeona-de-80-metros-con-vallas-en-el-nacional-u16","status":"publish","type":"post","link":"https:\/\/todoapulmon-rafaela.com\/index.php\/2018\/11\/24\/araceli-mondino-campeona-de-80-metros-con-vallas-en-el-nacional-u16\/","title":{"rendered":"Araceli Mondino campeona de 80 metros con vallas en el Nacional U16"},"content":{"rendered":"<div class=\"adn ads\">\n<div class=\"gs\">\n<div class=\"\">\n<div id=\":nv\" class=\"ii gt\">\n<div id=\":nu\" class=\"a3s aXjCH \">\n<div dir=\"auto\">\n<div dir=\"auto\">Ratificando su gran a\u00f1o, Araceli Mondino se coron\u00f3 campeona argentina en el Nacional U16 que se est\u00e1 disputando en la pista del complejo Mario Alberto Kempes de C\u00f3rdoba. Cerrando un 2018\u00a0exitoso, la atleta que representa al CRAS, logr\u00f3 batir su r\u00e9cord personal con 12\u201d11 y as\u00ed quedar como n\u00famero uno en el ranking 2018 en los 80 metros con vallas, logrando la primera medalla dorada rafaelina en el importante certamen.<\/div>\n<div dir=\"auto\">En la jornada de ma\u00f1ana estar\u00e1 participando en la otra prueba prevista, los 295 metros con vallas.<\/div>\n<\/div>\n<div class=\"yj6qo\"><\/div>\n<div class=\"adL\"><\/div>\n<\/div>\n<\/div>\n<div class=\"hi\"><\/div>\n<\/div>\n<\/div>\n<div class=\"ajx\"><\/div>\n<\/div>\n<div class=\"gA gt acV\"><\/div>\n","protected":false},"excerpt":{"rendered":"<p>Ratificando su gran a\u00f1o, Araceli Mondino se coron\u00f3 campeona argentina en el Nacional U16 que se est\u00e1 disputando en la<\/p>\n","protected":false},"author":2,"featured_media":15627,"comment_status":"open","ping_status":"open","sticky":false,"template":"","format":"standard","meta":{"footnotes":""},"categories":[7,24],"tags":[],"class_list":["post-15626","post","type-post","status-publish","format-standard","has-post-thumbnail","hentry","category-atletismo","category-noticias-destacadas"],"cc_featured_image_caption":{"caption_text":"La premiaci\u00f3n realizada tras el triunfo de la rafaelina.","source_text":"","source_url":""},"_links":{"self":[{"href":"https:\/\/todoapulmon-rafaela.com\/index.php\/wp-json\/wp\/v2\/posts\/15626"}],"collection":[{"href":"https:\/\/todoapulmon-rafaela.com\/index.php\/wp-json\/wp\/v2\/posts"}],"about":[{"href":"https:\/\/todoapulmon-rafaela.com\/index.php\/wp-json\/wp\/v2\/types\/post"}],"author":[{"embeddable":true,"href":"https:\/\/todoapulmon-rafaela.com\/index.php\/wp-json\/wp\/v2\/users\/2"}],"replies":[{"embeddable":true,"href":"https:\/\/todoapulmon-rafaela.com\/index.php\/wp-json\/wp\/v2\/comments?post=15626"}],"version-history":[{"count":3,"href":"https:\/\/todoapulmon-rafaela.com\/index.php\/wp-json\/wp\/v2\/posts\/15626\/revisions"}],"predecessor-version":[{"id":15630,"href":"https:\/\/todoapulmon-rafaela.com\/index.php\/wp-json\/wp\/v2\/posts\/15626\/revisions\/15630"}],"wp:featuredmedia":[{"embeddable":true,"href":"https:\/\/todoapulmon-rafaela.com\/index.php\/wp-json\/wp\/v2\/media\/15627"}],"wp:attachment":[{"href":"https:\/\/todoapulmon-rafaela.com\/index.php\/wp-json\/wp\/v2\/media?parent=15626"}],"wp:term":[{"taxonomy":"category","embeddable":true,"href":"https:\/\/todoapulmon-rafaela.com\/index.php\/wp-json\/wp\/v2\/categories?post=15626"},{"taxonomy":"post_tag","embeddable":true,"href":"https:\/\/todoapulmon-rafaela.com\/index.php\/wp-json\/wp\/v2\/tags?post=15626"}],"curies":[{"name":"wp","href":"https:\/\/api.w.org\/{rel}","templated":true}]}}