{"id":15450,"date":"2018-11-13T02:49:30","date_gmt":"2018-11-13T02:49:30","guid":{"rendered":"http:\/\/todoapulmon-rafaela.com\/?p=15450"},"modified":"2018-11-13T21:11:31","modified_gmt":"2018-11-13T21:11:31","slug":"atletico-presento-el-plantel-de-la-liga-provincial","status":"publish","type":"post","link":"https:\/\/todoapulmon-rafaela.com\/index.php\/2018\/11\/13\/atletico-presento-el-plantel-de-la-liga-provincial\/","title":{"rendered":"Atl\u00e9tico present\u00f3 el plantel de la Liga Provincial"},"content":{"rendered":"<p>En un renovado gimnasio Lucio Casar\u00edn, recientemente pintado en la mayor parte de sus instalaciones, se realiz\u00f3 este lunes la presentaci\u00f3n del plantel de b\u00e1squetbol de Atl\u00e9tico que disputar\u00e1 la Liga Provincial a iniciarse el fin de semana venidero.<br \/>\nEl presidente Eduardo Gays fue quien dio la bienvenida al equipo encabezado por Marcelo Miretti, dese\u00e1ndole muchos \u00e9xitos y felicitando a los jugadores locales por la buena actuaci\u00f3n cumplida en el torneo Oficial, obteniendo el subcampeonato. Posteriormente, el titular de la Subcomisi\u00f3n de B\u00e1squet, Daniel Anghilante, se refiri\u00f3 al nuevo desaf\u00edo que se encara en esta participaci\u00f3n con la base de jugadores del Club sumados a dos regresos (Juan Cruz Bertero y Francisco Balangero), y a las dos contrataciones de experiencia (David Ferreyra y Diego P\u00e9rez), tratando de mantener en alto el prestigio de este deporte en el club y la ciudad.<br \/>\nEn tanto, el entrenador celeste hizo hincapi\u00e9 en la continuidad del proyecto desde su regreso a la instituci\u00f3n el a\u00f1o pasado, tratando de potenciar la base de jugadores del Club y apostando al principal objetivo de lograr la clasificaci\u00f3n, lo cual no fue posible en la temporada anterior.<br \/>\nRecordemos la lista presentada por la Crema para el certamen:\u00a0<strong>Mayores:<\/strong>\u00a0Diego P\u00e9rez, David Ferreyra, Francisco Balangero, Jonatan Faber, Juan Cruz Bertero, Gonzalo Nasi, Benjam\u00edn Caballero, Alexis Bustamante, Tadeo Mire, Mat\u00edas Pecantet, Manuel Dalmazzo, Agust\u00edn Busto y Nicol\u00e1s S\u00e1nchez.<br \/>\n<strong>Juveniles:<\/strong>\u00a0Maximiliano Savarino, Gianluca Scavino, Gast\u00f3n Guti\u00e9rrez, Valent\u00edn V\u00e1squez, Gabriel Ludue\u00f1a, Mauro Valciukas, Valent\u00edn Giordano, Iv\u00e1n Mahmud, Axel Fern\u00e1ndez y Nicol\u00e1s Segatti.<br \/>\nEntrenador: Marcelo Miretti. Asistente: Gerardo Velazco. Preparador f\u00edsico: Diego Romera. Kinesi\u00f3logo: Sebasti\u00e1n Storero.<br \/>\nCabe mencionar que el debut Celeste, por la Zona A, ser\u00e1 el viernes 16 en Tostado ante el local San Lorenzo.<\/p>\n","protected":false},"excerpt":{"rendered":"<p>En un renovado gimnasio Lucio Casar\u00edn, recientemente pintado en la mayor parte de sus instalaciones, se realiz\u00f3 este lunes la<\/p>\n","protected":false},"author":2,"featured_media":15452,"comment_status":"open","ping_status":"open","sticky":false,"template":"","format":"standard","meta":{"footnotes":""},"categories":[5,24],"tags":[],"class_list":["post-15450","post","type-post","status-publish","format-standard","has-post-thumbnail","hentry","category-basquet","category-noticias-destacadas"],"cc_featured_image_caption":{"caption_text":"","source_text":"","source_url":""},"_links":{"self":[{"href":"https:\/\/todoapulmon-rafaela.com\/index.php\/wp-json\/wp\/v2\/posts\/15450"}],"collection":[{"href":"https:\/\/todoapulmon-rafaela.com\/index.php\/wp-json\/wp\/v2\/posts"}],"about":[{"href":"https:\/\/todoapulmon-rafaela.com\/index.php\/wp-json\/wp\/v2\/types\/post"}],"author":[{"embeddable":true,"href":"https:\/\/todoapulmon-rafaela.com\/index.php\/wp-json\/wp\/v2\/users\/2"}],"replies":[{"embeddable":true,"href":"https:\/\/todoapulmon-rafaela.com\/index.php\/wp-json\/wp\/v2\/comments?post=15450"}],"version-history":[{"count":2,"href":"https:\/\/todoapulmon-rafaela.com\/index.php\/wp-json\/wp\/v2\/posts\/15450\/revisions"}],"predecessor-version":[{"id":15457,"href":"https:\/\/todoapulmon-rafaela.com\/index.php\/wp-json\/wp\/v2\/posts\/15450\/revisions\/15457"}],"wp:featuredmedia":[{"embeddable":true,"href":"https:\/\/todoapulmon-rafaela.com\/index.php\/wp-json\/wp\/v2\/media\/15452"}],"wp:attachment":[{"href":"https:\/\/todoapulmon-rafaela.com\/index.php\/wp-json\/wp\/v2\/media?parent=15450"}],"wp:term":[{"taxonomy":"category","embeddable":true,"href":"https:\/\/todoapulmon-rafaela.com\/index.php\/wp-json\/wp\/v2\/categories?post=15450"},{"taxonomy":"post_tag","embeddable":true,"href":"https:\/\/todoapulmon-rafaela.com\/index.php\/wp-json\/wp\/v2\/tags?post=15450"}],"curies":[{"name":"wp","href":"https:\/\/api.w.org\/{rel}","templated":true}]}}