{"id":15414,"date":"2018-11-10T17:38:21","date_gmt":"2018-11-10T17:38:21","guid":{"rendered":"http:\/\/todoapulmon-rafaela.com\/?p=15414"},"modified":"2018-11-10T17:45:23","modified_gmt":"2018-11-10T17:45:23","slug":"esto-se-disfruta-mucho","status":"publish","type":"post","link":"https:\/\/todoapulmon-rafaela.com\/index.php\/2018\/11\/10\/esto-se-disfruta-mucho\/","title":{"rendered":"\u00abEsto se disfruta mucho\u00bb"},"content":{"rendered":"<p>Por segunda temporada consecutiva, Susana Hauswirth logr\u00f3 la clasificaci\u00f3n al Mundial de Medio Ironman. El segundo puesto obtenido en Nordelta el pasado domingo, en la categor\u00eda de 50 a 54 a\u00f1os, le permitir\u00e1 estar en Niza 2019.<\/p>\n<p>\u00abEsto se disfruta mucho, porque sobre todo iba con un poco de miedo de no terminar la parte de pedestrismo. Tuve una tendinitis apenas volv\u00ed del mundial de Sud\u00e1frica, estuve tratando de curarme con un tratamiento, a tal punto que en Rosario solo hice natacion y ciclismo el 14 de octubre. El trote no lo hice para justamente cuidarme y poder llegar a Nordelta, porque era una fecha m\u00e1s importante, y una carrera muy linda\u00bb, nos cont\u00f3 durante la semana en Todo a Pulm\u00f3n radio, por FM El Espectador.<\/p>\n<p>Sobre los entrenamientos, tambi\u00e9n estuvo limitada por esta cuesti\u00f3n f\u00edsica. \u00abEn realidad, no pude correr nada en las \u00faltimas semanas. Creo que sal\u00ed tres veces a trotar, pero intentamos compensarlo con mucha nataci\u00f3n y bici, y sesiones de kinesiolog\u00eda para fortalecer las partes afectadas\u00bb.<\/p>\n<p>Pese a estas circunstancias, qued\u00f3 a solo siete segundos del primer puesto. \u00abMi tiempo no fue el de Sud\u00e1frica en el trote, pero no estuve lejos. Fue segunda por 7 segundos, solamente, y haciendo el promedio corriendo, hubiera estado seis o siete minutos adelante. Por eso s\u00faper contenta de haber terminado y haber obtenido la plaza para el Mundial del a\u00f1o que viene, que da tranquilidad para planificar y llegar bien a esa fecha\u00bb.<\/p>\n<p>Durante la nota, Susana tambi\u00e9n se refiri\u00f3 a las dificultades para el entrenamiento que se mantienen. Por un lado por la falta de una pileta de 25 metros climatizada en la ciudad en funcionamiento, y adem\u00e1s por los riesgos que asumen en la parte de ciclismo transitando rutas en malas condiciones y lamentando que no se pueda ingresar al aut\u00f3dromo.<\/p>\n<p>Este es el audio completo:<\/p>\n<!--[if lt IE 9]><script>document.createElement('audio');<\/script><![endif]-->\n<audio class=\"wp-audio-shortcode\" id=\"audio-15414-1\" preload=\"none\" style=\"width: 100%;\" controls=\"controls\"><source type=\"audio\/mpeg\" src=\"http:\/\/todoapulmon-rafaela.com\/wp-content\/uploads\/2018\/11\/2018-11-08-Susana-Housewirth.mp3?_=1\" \/><a href=\"http:\/\/todoapulmon-rafaela.com\/wp-content\/uploads\/2018\/11\/2018-11-08-Susana-Housewirth.mp3\">http:\/\/todoapulmon-rafaela.com\/wp-content\/uploads\/2018\/11\/2018-11-08-Susana-Housewirth.mp3<\/a><\/audio>\n","protected":false},"excerpt":{"rendered":"<p>Por segunda temporada consecutiva, Susana Hauswirth logr\u00f3 la clasificaci\u00f3n al Mundial de Medio Ironman. El segundo puesto obtenido en Nordelta<\/p>\n","protected":false},"author":2,"featured_media":15415,"comment_status":"open","ping_status":"open","sticky":false,"template":"","format":"standard","meta":{"footnotes":""},"categories":[24,28],"tags":[],"class_list":["post-15414","post","type-post","status-publish","format-standard","has-post-thumbnail","hentry","category-noticias-destacadas","category-triatlon"],"cc_featured_image_caption":{"caption_text":"","source_text":"","source_url":""},"_links":{"self":[{"href":"https:\/\/todoapulmon-rafaela.com\/index.php\/wp-json\/wp\/v2\/posts\/15414"}],"collection":[{"href":"https:\/\/todoapulmon-rafaela.com\/index.php\/wp-json\/wp\/v2\/posts"}],"about":[{"href":"https:\/\/todoapulmon-rafaela.com\/index.php\/wp-json\/wp\/v2\/types\/post"}],"author":[{"embeddable":true,"href":"https:\/\/todoapulmon-rafaela.com\/index.php\/wp-json\/wp\/v2\/users\/2"}],"replies":[{"embeddable":true,"href":"https:\/\/todoapulmon-rafaela.com\/index.php\/wp-json\/wp\/v2\/comments?post=15414"}],"version-history":[{"count":3,"href":"https:\/\/todoapulmon-rafaela.com\/index.php\/wp-json\/wp\/v2\/posts\/15414\/revisions"}],"predecessor-version":[{"id":15419,"href":"https:\/\/todoapulmon-rafaela.com\/index.php\/wp-json\/wp\/v2\/posts\/15414\/revisions\/15419"}],"wp:featuredmedia":[{"embeddable":true,"href":"https:\/\/todoapulmon-rafaela.com\/index.php\/wp-json\/wp\/v2\/media\/15415"}],"wp:attachment":[{"href":"https:\/\/todoapulmon-rafaela.com\/index.php\/wp-json\/wp\/v2\/media?parent=15414"}],"wp:term":[{"taxonomy":"category","embeddable":true,"href":"https:\/\/todoapulmon-rafaela.com\/index.php\/wp-json\/wp\/v2\/categories?post=15414"},{"taxonomy":"post_tag","embeddable":true,"href":"https:\/\/todoapulmon-rafaela.com\/index.php\/wp-json\/wp\/v2\/tags?post=15414"}],"curies":[{"name":"wp","href":"https:\/\/api.w.org\/{rel}","templated":true}]}}