{"id":15364,"date":"2018-11-07T11:46:03","date_gmt":"2018-11-07T11:46:03","guid":{"rendered":"http:\/\/todoapulmon-rafaela.com\/?p=15364"},"modified":"2018-11-07T11:46:03","modified_gmt":"2018-11-07T11:46:03","slug":"la-satisfaccion-de-belen-fontanetto-una-de-las-ganadoras-en-el-rural-bike","status":"publish","type":"post","link":"https:\/\/todoapulmon-rafaela.com\/index.php\/2018\/11\/07\/la-satisfaccion-de-belen-fontanetto-una-de-las-ganadoras-en-el-rural-bike\/","title":{"rendered":"La satisfacci\u00f3n de Bel\u00e9n Fontanetto, una de las ganadoras en el Rural Bike"},"content":{"rendered":"<p>La pen\u00faltima fecha del Rural Bike Santafesino que se disput\u00f3 el domingo en Rafaela tuvo entre las triunfadoras locales a Mar\u00eda Bel\u00e9n Fontanetto, en la categor\u00eda Damas B. Durante la temporada lleva seis victorias en el torneo y llegar\u00e1 a la fecha Coronaci\u00f3n del domingo en Arruf\u00f3 con 17 puntos de ventaja, en la aspiraci\u00f3n de obtener el campeonato.<\/p>\n<p>Ayer tuvimos la posibilidad de dialogar con la biker rafaelina en Todo a Pulm\u00f3n, por FM El Espectador. \u00abEstoy muy contenta, empec\u00e9 en 2017\u00a0 a correr algunas carreras y este a\u00f1o, en principio, no ten\u00eda muchas ganas de hacer el Rural, porque quer\u00eda hacer algo m\u00e1s de mountain bike, pero me fui enganchando e hice todas las fechas.\u00a0Gan\u00e9 seis en lo que va del a\u00f1o, en dos tuve rotura de bicicletas y no pude sumar, pero estamos muy bien en una de las categor\u00edas que m\u00e1s chicas tiene en el torneo\u00bb, expres\u00f3 en el inicio de la nota.<\/p>\n<p>Este es el audio de la entrevista:<\/p>\n<!--[if lt IE 9]><script>document.createElement('audio');<\/script><![endif]-->\n<audio class=\"wp-audio-shortcode\" id=\"audio-15364-1\" preload=\"none\" style=\"width: 100%;\" controls=\"controls\"><source type=\"audio\/mpeg\" src=\"http:\/\/todoapulmon-rafaela.com\/wp-content\/uploads\/2018\/11\/2018-11-06-Bel\u00e9n-Fontanetto.mp3?_=1\" \/><a href=\"http:\/\/todoapulmon-rafaela.com\/wp-content\/uploads\/2018\/11\/2018-11-06-Bel\u00e9n-Fontanetto.mp3\">http:\/\/todoapulmon-rafaela.com\/wp-content\/uploads\/2018\/11\/2018-11-06-Bel\u00e9n-Fontanetto.mp3<\/a><\/audio>\n<p>&nbsp;<\/p>\n","protected":false},"excerpt":{"rendered":"<p>La pen\u00faltima fecha del Rural Bike Santafesino que se disput\u00f3 el domingo en Rafaela tuvo entre las triunfadoras locales a<\/p>\n","protected":false},"author":2,"featured_media":15365,"comment_status":"open","ping_status":"open","sticky":false,"template":"","format":"standard","meta":{"footnotes":""},"categories":[4,24],"tags":[],"class_list":["post-15364","post","type-post","status-publish","format-standard","has-post-thumbnail","hentry","category-ciclismo","category-noticias-destacadas"],"cc_featured_image_caption":{"caption_text":"","source_text":"","source_url":""},"_links":{"self":[{"href":"https:\/\/todoapulmon-rafaela.com\/index.php\/wp-json\/wp\/v2\/posts\/15364"}],"collection":[{"href":"https:\/\/todoapulmon-rafaela.com\/index.php\/wp-json\/wp\/v2\/posts"}],"about":[{"href":"https:\/\/todoapulmon-rafaela.com\/index.php\/wp-json\/wp\/v2\/types\/post"}],"author":[{"embeddable":true,"href":"https:\/\/todoapulmon-rafaela.com\/index.php\/wp-json\/wp\/v2\/users\/2"}],"replies":[{"embeddable":true,"href":"https:\/\/todoapulmon-rafaela.com\/index.php\/wp-json\/wp\/v2\/comments?post=15364"}],"version-history":[{"count":1,"href":"https:\/\/todoapulmon-rafaela.com\/index.php\/wp-json\/wp\/v2\/posts\/15364\/revisions"}],"predecessor-version":[{"id":15367,"href":"https:\/\/todoapulmon-rafaela.com\/index.php\/wp-json\/wp\/v2\/posts\/15364\/revisions\/15367"}],"wp:featuredmedia":[{"embeddable":true,"href":"https:\/\/todoapulmon-rafaela.com\/index.php\/wp-json\/wp\/v2\/media\/15365"}],"wp:attachment":[{"href":"https:\/\/todoapulmon-rafaela.com\/index.php\/wp-json\/wp\/v2\/media?parent=15364"}],"wp:term":[{"taxonomy":"category","embeddable":true,"href":"https:\/\/todoapulmon-rafaela.com\/index.php\/wp-json\/wp\/v2\/categories?post=15364"},{"taxonomy":"post_tag","embeddable":true,"href":"https:\/\/todoapulmon-rafaela.com\/index.php\/wp-json\/wp\/v2\/tags?post=15364"}],"curies":[{"name":"wp","href":"https:\/\/api.w.org\/{rel}","templated":true}]}}