{"id":15358,"date":"2018-11-06T17:34:50","date_gmt":"2018-11-06T17:34:50","guid":{"rendered":"http:\/\/todoapulmon-rafaela.com\/?p=15358"},"modified":"2018-11-06T17:34:50","modified_gmt":"2018-11-06T17:34:50","slug":"pequenos-pelotaris-locales-en-el-encuentro-de-escuelitas","status":"publish","type":"post","link":"https:\/\/todoapulmon-rafaela.com\/index.php\/2018\/11\/06\/pequenos-pelotaris-locales-en-el-encuentro-de-escuelitas\/","title":{"rendered":"Peque\u00f1os pelotaris locales en el Encuentro de Escuelitas"},"content":{"rendered":"<p>La Subcomisi\u00f3n de Pelota Paleta de Atl\u00e9tico de Rafaela inform\u00f3 que el s\u00e1bado 3 del corriente se realiz\u00f3 en la ciudad de Santa Fe un encuentro de escuelitas de pelota paleta con la participaci\u00f3n de los clubes santafesinos Centro Castellanos, Gimnasia y Esgrima, y Atl\u00e9tico de Rafaela con la presencia de 31 peque\u00f1os pelotaris, de los cuales 10 alumnos pertenecen a la instituci\u00f3n rafaelina.<\/p>\n<p>En el torneo, los chicos pudieron desplegar su juego seg\u00fan el nivel y la edad, mostrando todo lo aprendido durante el a\u00f1o, para luego culminar con un almuerzo de integraci\u00f3n.<\/p>\n<p>Lo m\u00e1s positivo de este primer encuentro, luego de 15 a\u00f1os, es el reflotamiento de la actividad tan importante en lo que hace a lo deportivo como en lo social y a la generaci\u00f3n de nuevos deportistas de la paleta. Al finalizar se reunieron los profesores Sebasti\u00e1n Mornino, Kevin B\u00f3rtoli y Daniel Bima, estableciendo un cronograma de 4 o 5 encuentros para el 2019, con el posible agregado de las escuelas de Paran\u00e1 y San Jorge<\/p>\n<p>La Escuela de Pelota Paleta de Atl\u00e9tico de Rafaela comunica que funciona los d\u00edas lunes y mi\u00e9rcoles de 18.00 a 19.30 hs. y los s\u00e1bados de 10.00 a 11.30 hs. en las instalaciones del front\u00f3n sito en el interior del Aut\u00f3dromo Ciudad de Rafaela, siendo la actividad totalmente gratuita para los alumnos, y se agradece la colaboraci\u00f3n del Diputado Prov. Julio Eggimann, desde su compromiso social de reactivar y promocionar el deporte de la Pelota Paleta en la provincia, colaborando con un aporte econ\u00f3mico para la continuidad de la escuelita.<\/p>\n<p>Para cualquier informaci\u00f3n dirigirse a la secretar\u00eda de club o a los TE: 03492 15520197 (D. Bima) &#8211; 03492 15205163 (C. Mansilla) &#8211; 03492 682975 (M. Montoya).<\/p>\n","protected":false},"excerpt":{"rendered":"<p>La Subcomisi\u00f3n de Pelota Paleta de Atl\u00e9tico de Rafaela inform\u00f3 que el s\u00e1bado 3 del corriente se realiz\u00f3 en la<\/p>\n","protected":false},"author":2,"featured_media":15359,"comment_status":"open","ping_status":"open","sticky":false,"template":"","format":"standard","meta":{"footnotes":""},"categories":[1],"tags":[],"class_list":["post-15358","post","type-post","status-publish","format-standard","has-post-thumbnail","hentry","category-sin-categoria"],"cc_featured_image_caption":{"caption_text":"El grupo de peque\u00f1os pelotaris junto al profesor Daniel Bima (foto Subcomisi\u00f3n de Pelota Paleta).","source_text":"","source_url":""},"_links":{"self":[{"href":"https:\/\/todoapulmon-rafaela.com\/index.php\/wp-json\/wp\/v2\/posts\/15358"}],"collection":[{"href":"https:\/\/todoapulmon-rafaela.com\/index.php\/wp-json\/wp\/v2\/posts"}],"about":[{"href":"https:\/\/todoapulmon-rafaela.com\/index.php\/wp-json\/wp\/v2\/types\/post"}],"author":[{"embeddable":true,"href":"https:\/\/todoapulmon-rafaela.com\/index.php\/wp-json\/wp\/v2\/users\/2"}],"replies":[{"embeddable":true,"href":"https:\/\/todoapulmon-rafaela.com\/index.php\/wp-json\/wp\/v2\/comments?post=15358"}],"version-history":[{"count":1,"href":"https:\/\/todoapulmon-rafaela.com\/index.php\/wp-json\/wp\/v2\/posts\/15358\/revisions"}],"predecessor-version":[{"id":15360,"href":"https:\/\/todoapulmon-rafaela.com\/index.php\/wp-json\/wp\/v2\/posts\/15358\/revisions\/15360"}],"wp:featuredmedia":[{"embeddable":true,"href":"https:\/\/todoapulmon-rafaela.com\/index.php\/wp-json\/wp\/v2\/media\/15359"}],"wp:attachment":[{"href":"https:\/\/todoapulmon-rafaela.com\/index.php\/wp-json\/wp\/v2\/media?parent=15358"}],"wp:term":[{"taxonomy":"category","embeddable":true,"href":"https:\/\/todoapulmon-rafaela.com\/index.php\/wp-json\/wp\/v2\/categories?post=15358"},{"taxonomy":"post_tag","embeddable":true,"href":"https:\/\/todoapulmon-rafaela.com\/index.php\/wp-json\/wp\/v2\/tags?post=15358"}],"curies":[{"name":"wp","href":"https:\/\/api.w.org\/{rel}","templated":true}]}}