{"id":15274,"date":"2018-11-03T17:26:14","date_gmt":"2018-11-03T17:26:14","guid":{"rendered":"http:\/\/todoapulmon-rafaela.com\/?p=15274"},"modified":"2018-11-03T17:26:14","modified_gmt":"2018-11-03T17:26:14","slug":"varios-juveniles-de-crar-convocados-para-el-amistoso-ante-la-urba","status":"publish","type":"post","link":"https:\/\/todoapulmon-rafaela.com\/index.php\/2018\/11\/03\/varios-juveniles-de-crar-convocados-para-el-amistoso-ante-la-urba\/","title":{"rendered":"Varios juveniles de CRAR convocados para el amistoso ante la URBA"},"content":{"rendered":"<p>Este domingo comenzar\u00e1 a intensificarse un nuevo proceso del seleccionado juvenil de la Uni\u00f3n Santafesina de Rugby rumbo al Campeonato Argentino que se disputar\u00e1 en el mes de marzo. Luego de los primeros entrenamientos, se jugar\u00e1 un amistoso en las categor\u00edas M-16 y M-17 frente al seleccionado de la URBA (Buenos Aires). Los dos partidos ser\u00e1n en la cancha de Universitario, en Santa Fe, el primero a las 10 con la divisi\u00f3n mencionada inicialmente, y luego a las 11.30 en M-17.<\/p>\n<p>El plantel tiene como Head Coach a Luciano Bord\u00f3n, siendo el rafaelino Diego Acosta uno de los integrantes del cuerpo t\u00e9cnico en la funci\u00f3n entrenar con los tres cuartos del M-17.<br \/>\nComo ocurre a\u00f1o a a\u00f1o, el C\u00edrculo Rafaelino de Rugby tendr\u00e1 jugadores que forman parte de la convocatoria y que tratar\u00e1n de seguir ligados hasta que se conforme la lista final, semanas antes del inicio del torneo en 2019.<br \/>\nEn M-16 fueron convocados: Pedro Rubiolo, Jos\u00e9 C\u00e1ceres, Santiago Krause, Ignacio Torres y Lorenzo Colidio. Los cinco tomaron parte, adem\u00e1s, del equipo de Seven que obtuvo la medalla de plata en los Evita de Mar del Plata.<br \/>\nDe la M-17 fueron citados: Tom\u00e1s Grosso, Gast\u00f3n Kerstens, Juan Ghizzoni, Esteban Appo y Alan Serrano.<\/p>\n<p>En el Campeonato Argentino Juvenil, la Uni\u00f3n Santafesina de Rugby compartir\u00e1 la misma zona que el seleccionado de Buenos Aires, Tucum\u00e1n y C\u00f3rdoba, en el segmento m\u00e1s importante de la competencia.<\/p>\n","protected":false},"excerpt":{"rendered":"<p>Este domingo comenzar\u00e1 a intensificarse un nuevo proceso del seleccionado juvenil de la Uni\u00f3n Santafesina de Rugby rumbo al Campeonato<\/p>\n","protected":false},"author":2,"featured_media":15275,"comment_status":"open","ping_status":"open","sticky":false,"template":"","format":"standard","meta":{"footnotes":""},"categories":[24,2],"tags":[],"class_list":["post-15274","post","type-post","status-publish","format-standard","has-post-thumbnail","hentry","category-noticias-destacadas","category-rugby"],"cc_featured_image_caption":{"caption_text":"Cinco de los integrantes del M-16 que fue subcampe\u00f3n de los Evita est\u00e1n en la convocatoria.","source_text":"","source_url":""},"_links":{"self":[{"href":"https:\/\/todoapulmon-rafaela.com\/index.php\/wp-json\/wp\/v2\/posts\/15274"}],"collection":[{"href":"https:\/\/todoapulmon-rafaela.com\/index.php\/wp-json\/wp\/v2\/posts"}],"about":[{"href":"https:\/\/todoapulmon-rafaela.com\/index.php\/wp-json\/wp\/v2\/types\/post"}],"author":[{"embeddable":true,"href":"https:\/\/todoapulmon-rafaela.com\/index.php\/wp-json\/wp\/v2\/users\/2"}],"replies":[{"embeddable":true,"href":"https:\/\/todoapulmon-rafaela.com\/index.php\/wp-json\/wp\/v2\/comments?post=15274"}],"version-history":[{"count":1,"href":"https:\/\/todoapulmon-rafaela.com\/index.php\/wp-json\/wp\/v2\/posts\/15274\/revisions"}],"predecessor-version":[{"id":15276,"href":"https:\/\/todoapulmon-rafaela.com\/index.php\/wp-json\/wp\/v2\/posts\/15274\/revisions\/15276"}],"wp:featuredmedia":[{"embeddable":true,"href":"https:\/\/todoapulmon-rafaela.com\/index.php\/wp-json\/wp\/v2\/media\/15275"}],"wp:attachment":[{"href":"https:\/\/todoapulmon-rafaela.com\/index.php\/wp-json\/wp\/v2\/media?parent=15274"}],"wp:term":[{"taxonomy":"category","embeddable":true,"href":"https:\/\/todoapulmon-rafaela.com\/index.php\/wp-json\/wp\/v2\/categories?post=15274"},{"taxonomy":"post_tag","embeddable":true,"href":"https:\/\/todoapulmon-rafaela.com\/index.php\/wp-json\/wp\/v2\/tags?post=15274"}],"curies":[{"name":"wp","href":"https:\/\/api.w.org\/{rel}","templated":true}]}}