{"id":15250,"date":"2018-11-01T14:33:35","date_gmt":"2018-11-01T14:33:35","guid":{"rendered":"http:\/\/todoapulmon-rafaela.com\/?p=15250"},"modified":"2018-11-01T16:52:03","modified_gmt":"2018-11-01T16:52:03","slug":"se-vienen-los-nacionales-u20-y-u23-en-mar-del-plata","status":"publish","type":"post","link":"https:\/\/todoapulmon-rafaela.com\/index.php\/2018\/11\/01\/se-vienen-los-nacionales-u20-y-u23-en-mar-del-plata\/","title":{"rendered":"Se vienen los Nacionales U20 y U23 en Mar del Plata"},"content":{"rendered":"<p>Con la presencia de varios atletas de los clubes de nuestra ciudad se desarrollar\u00e1n este viernes y s\u00e1bado, en Mar del Plata, los campeonatos Nacionales para las categor\u00edas U20 y U23, que tendr\u00e1n la presencia de los mejores atletas del pa\u00eds en esas categor\u00edas, entre ellos los que estuvieron en el Sudamericano de Cuenca y los juveniles que recientemente se lucieron en los Juegos Ol\u00edmpicos de la Juventud.<\/p>\n<p>El grupo de deportistas que formar\u00e1n parte del equipo provincial, se integra de la siguiente manera: en la categor\u00eda junior lo har\u00e1n Celina Harte (salto en alto), Mar\u00eda del Rosario Majda (marcha) y Valent\u00edn Menossi (lanzamiento del martillo), del grupo del CRAS, y Alejo Pagaburu (400 metros con vallas), del CEF 53.<\/p>\n<p>En tanto, de U23 lo har\u00e1n los marchistas Sof\u00eda Kloster y Jonathan Acevedo (CRAS). Todos ir\u00e1n con las expectativas de mejorar sus marcas, lo cual en la mayor\u00eda de los casos ser\u00eda sin\u00f3nimo de obtener muy buenos resultados.<\/p>\n","protected":false},"excerpt":{"rendered":"<p>Con la presencia de varios atletas de los clubes de nuestra ciudad se desarrollar\u00e1n este viernes y s\u00e1bado, en Mar<\/p>\n","protected":false},"author":2,"featured_media":15251,"comment_status":"open","ping_status":"open","sticky":false,"template":"","format":"standard","meta":{"footnotes":""},"categories":[7,24],"tags":[],"class_list":["post-15250","post","type-post","status-publish","format-standard","has-post-thumbnail","hentry","category-atletismo","category-noticias-destacadas"],"cc_featured_image_caption":{"caption_text":"Majda, Acevedo y Kloster, los marchistas que estar\u00e1n en Mar del Plata.","source_text":"","source_url":""},"_links":{"self":[{"href":"https:\/\/todoapulmon-rafaela.com\/index.php\/wp-json\/wp\/v2\/posts\/15250"}],"collection":[{"href":"https:\/\/todoapulmon-rafaela.com\/index.php\/wp-json\/wp\/v2\/posts"}],"about":[{"href":"https:\/\/todoapulmon-rafaela.com\/index.php\/wp-json\/wp\/v2\/types\/post"}],"author":[{"embeddable":true,"href":"https:\/\/todoapulmon-rafaela.com\/index.php\/wp-json\/wp\/v2\/users\/2"}],"replies":[{"embeddable":true,"href":"https:\/\/todoapulmon-rafaela.com\/index.php\/wp-json\/wp\/v2\/comments?post=15250"}],"version-history":[{"count":3,"href":"https:\/\/todoapulmon-rafaela.com\/index.php\/wp-json\/wp\/v2\/posts\/15250\/revisions"}],"predecessor-version":[{"id":15254,"href":"https:\/\/todoapulmon-rafaela.com\/index.php\/wp-json\/wp\/v2\/posts\/15250\/revisions\/15254"}],"wp:featuredmedia":[{"embeddable":true,"href":"https:\/\/todoapulmon-rafaela.com\/index.php\/wp-json\/wp\/v2\/media\/15251"}],"wp:attachment":[{"href":"https:\/\/todoapulmon-rafaela.com\/index.php\/wp-json\/wp\/v2\/media?parent=15250"}],"wp:term":[{"taxonomy":"category","embeddable":true,"href":"https:\/\/todoapulmon-rafaela.com\/index.php\/wp-json\/wp\/v2\/categories?post=15250"},{"taxonomy":"post_tag","embeddable":true,"href":"https:\/\/todoapulmon-rafaela.com\/index.php\/wp-json\/wp\/v2\/tags?post=15250"}],"curies":[{"name":"wp","href":"https:\/\/api.w.org\/{rel}","templated":true}]}}