{"id":15234,"date":"2018-10-29T23:34:11","date_gmt":"2018-10-29T23:34:11","guid":{"rendered":"http:\/\/todoapulmon-rafaela.com\/?p=15234"},"modified":"2018-10-29T23:53:20","modified_gmt":"2018-10-29T23:53:20","slug":"runners-rafaelinos-con-buena-labor-en-santa-fe","status":"publish","type":"post","link":"https:\/\/todoapulmon-rafaela.com\/index.php\/2018\/10\/29\/runners-rafaelinos-con-buena-labor-en-santa-fe\/","title":{"rendered":"Runners rafaelinos con buena labor en Santa Fe"},"content":{"rendered":"<p>Con la presencia de un grupo de runners rafaelinos, en su mayor\u00eda del grupo Vikingos Running Spirit, por el mes del 99\u00b0 Aniversario de la Universidad Nacional del Litoral (UNL) se realiz\u00f3 la tradicional prueba atl\u00e9tica este domingo 28 de octubre, en la capital provincial. El encuentro inclusivo y abierto a toda la comunidad, cont\u00f3 con una carrera competitiva de 10km y una recreativa de 3km. La premiaci\u00f3n incluy\u00f3 a los tres mejores puestos de todas las categor\u00edas de la modalidad competitiva. Se dieron cita unos 800 participantes.<\/p>\n<p>El ganador de la general de caballeros fue el galvense Lautaro Ocampo, quien fue escoltado por el local Luis Arias y el santotomesino Gustavo Oliva; mientras que en damas se impuso la esperancina Patricia Ponce. Completaron el podio la rinconera Sheila Arteriza y la local Soledad Morlio.<\/p>\n<p><strong>Los mejores ubicados de Rafaela:<\/strong> 19) Fernando Kuriger en 37m53s (3\u00ba en 35 a 39 a\u00f1os), 24) Fernando Ojeda 39m01s (5\u00ba en su categor\u00eda), 28) Pablo Cravero (4\u00ba en su categor\u00eda), 36) Germ\u00e1n Eggel (3\u00ba en su categor\u00eda) y 50) Alfredo Brega (9\u00ba en su categor\u00eda).<\/p>\n<p>En damas, por categor\u00edas, fue novena Milagros Arteaga en 25 a 29 a\u00f1os.<\/p>\n","protected":false},"excerpt":{"rendered":"<p>Con la presencia de un grupo de runners rafaelinos, en su mayor\u00eda del grupo Vikingos Running Spirit, por el mes<\/p>\n","protected":false},"author":2,"featured_media":15235,"comment_status":"open","ping_status":"open","sticky":false,"template":"","format":"standard","meta":{"footnotes":""},"categories":[7],"tags":[],"class_list":["post-15234","post","type-post","status-publish","format-standard","has-post-thumbnail","hentry","category-atletismo"],"cc_featured_image_caption":{"caption_text":"Fernando Kuriger (dorsal 199), uno de los destacados. (Foto Maratonistas Santafesinos).","source_text":"","source_url":""},"_links":{"self":[{"href":"https:\/\/todoapulmon-rafaela.com\/index.php\/wp-json\/wp\/v2\/posts\/15234"}],"collection":[{"href":"https:\/\/todoapulmon-rafaela.com\/index.php\/wp-json\/wp\/v2\/posts"}],"about":[{"href":"https:\/\/todoapulmon-rafaela.com\/index.php\/wp-json\/wp\/v2\/types\/post"}],"author":[{"embeddable":true,"href":"https:\/\/todoapulmon-rafaela.com\/index.php\/wp-json\/wp\/v2\/users\/2"}],"replies":[{"embeddable":true,"href":"https:\/\/todoapulmon-rafaela.com\/index.php\/wp-json\/wp\/v2\/comments?post=15234"}],"version-history":[{"count":1,"href":"https:\/\/todoapulmon-rafaela.com\/index.php\/wp-json\/wp\/v2\/posts\/15234\/revisions"}],"predecessor-version":[{"id":15236,"href":"https:\/\/todoapulmon-rafaela.com\/index.php\/wp-json\/wp\/v2\/posts\/15234\/revisions\/15236"}],"wp:featuredmedia":[{"embeddable":true,"href":"https:\/\/todoapulmon-rafaela.com\/index.php\/wp-json\/wp\/v2\/media\/15235"}],"wp:attachment":[{"href":"https:\/\/todoapulmon-rafaela.com\/index.php\/wp-json\/wp\/v2\/media?parent=15234"}],"wp:term":[{"taxonomy":"category","embeddable":true,"href":"https:\/\/todoapulmon-rafaela.com\/index.php\/wp-json\/wp\/v2\/categories?post=15234"},{"taxonomy":"post_tag","embeddable":true,"href":"https:\/\/todoapulmon-rafaela.com\/index.php\/wp-json\/wp\/v2\/tags?post=15234"}],"curies":[{"name":"wp","href":"https:\/\/api.w.org\/{rel}","templated":true}]}}