{"id":15174,"date":"2018-10-28T00:11:06","date_gmt":"2018-10-28T00:11:06","guid":{"rendered":"http:\/\/todoapulmon-rafaela.com\/?p=15174"},"modified":"2018-10-28T00:44:15","modified_gmt":"2018-10-28T00:44:15","slug":"mayco-vivas-ascendio-con-atletico-del-rosario","status":"publish","type":"post","link":"https:\/\/todoapulmon-rafaela.com\/index.php\/2018\/10\/28\/mayco-vivas-ascendio-con-atletico-del-rosario\/","title":{"rendered":"Mayco Vivas ascendi\u00f3 con Atl\u00e9tico del Rosario"},"content":{"rendered":"<p>Atl\u00e9tico del Rosario tuvo su d\u00eda de fiesta. Espant\u00f3 los fantasmas de San Albano, que hab\u00eda postergado el ascenso de La Plata, y con una reacci\u00f3n en el segundo tiempo gan\u00f3 por 28 a 13 y asegur\u00f3 as\u00ed el regreso al Top 12 de la URBA en 2019. El rafaelino Mayco Vivas, que fue titular durante la mayor parte de la temporada, hoy ingres\u00f3 desde el banco para ser protagonista del partido que desat\u00f3 el festejo. Recordemos que el jugador surgido del CRAR viene trabajando con Los Pumas de cara a la gira por Europa del mes venidero.<\/p>\n<p>Desde que descendi\u00f3 la temporada pasada, se sab\u00eda que la jerarqu\u00eda del plantel, m\u00e1s temprano que tarde, volver\u00eda a llevar a los rosarinos a lo m\u00e1s alto del rugby porte\u00f1o. Y, con algunos pasajes de sufrimiento, as\u00ed fue.<br \/>\nDe esta forma, y tras asegurar su vuelta al Top 12, a Plaza le quedan ahora dos fechas en las que intentar\u00e1 sacarle el primer puesto a La Plata para quedarse con el t\u00edtulo de Primera A. Los bonaerenses tienen 94 puntos y Atl\u00e9tico del Rosario 90. De los 24 partidos disputados hasta el momento, Plaza gan\u00f3 20.<\/p>\n<p>El equipo rosarino form\u00f3 con Gaspar Gim\u00e9nez (Mayco Vivas), Gast\u00f3n Zeida (Jerem\u00eda Aime) y Lucio Sordoni (Mat\u00edas Horcada); Joaqu\u00edn Gait\u00e1n y Daniel Almeira (Joaqu\u00edn Viola); Santiago Casals, Federico Mayol (cap) y Lucas Malanos (Lucio Leone); Pedro Bisio (Felipe Nogu\u00e9s) y Facundo El\u00edas; Ignacio Beltramino, Mart\u00edn Rodr\u00edguez Gurruchaga, Tom\u00e1s Quetglas y Nicol\u00e1s Casals; Manuel Nogu\u00e9s.<br \/>\nEntrenadores: Fernando Marchiaro, Franco Rossi y Diego Vallejos.<\/p>\n<p>Cabe mencionar, que en Atl\u00e9tico del Rosario militan en los distintos planteles superiores, los tambi\u00e9n rafaelinos Juan Cruz y Mateo Peretti.<\/p>\n","protected":false},"excerpt":{"rendered":"<p>Atl\u00e9tico del Rosario tuvo su d\u00eda de fiesta. Espant\u00f3 los fantasmas de San Albano, que hab\u00eda postergado el ascenso de<\/p>\n","protected":false},"author":2,"featured_media":15175,"comment_status":"open","ping_status":"open","sticky":false,"template":"","format":"standard","meta":{"footnotes":""},"categories":[24,2],"tags":[],"class_list":["post-15174","post","type-post","status-publish","format-standard","has-post-thumbnail","hentry","category-noticias-destacadas","category-rugby"],"cc_featured_image_caption":{"caption_text":"El equipo rosarino buscar\u00e1 ahora quedarse con el t\u00edtulo.","source_text":"","source_url":""},"_links":{"self":[{"href":"https:\/\/todoapulmon-rafaela.com\/index.php\/wp-json\/wp\/v2\/posts\/15174"}],"collection":[{"href":"https:\/\/todoapulmon-rafaela.com\/index.php\/wp-json\/wp\/v2\/posts"}],"about":[{"href":"https:\/\/todoapulmon-rafaela.com\/index.php\/wp-json\/wp\/v2\/types\/post"}],"author":[{"embeddable":true,"href":"https:\/\/todoapulmon-rafaela.com\/index.php\/wp-json\/wp\/v2\/users\/2"}],"replies":[{"embeddable":true,"href":"https:\/\/todoapulmon-rafaela.com\/index.php\/wp-json\/wp\/v2\/comments?post=15174"}],"version-history":[{"count":3,"href":"https:\/\/todoapulmon-rafaela.com\/index.php\/wp-json\/wp\/v2\/posts\/15174\/revisions"}],"predecessor-version":[{"id":15179,"href":"https:\/\/todoapulmon-rafaela.com\/index.php\/wp-json\/wp\/v2\/posts\/15174\/revisions\/15179"}],"wp:featuredmedia":[{"embeddable":true,"href":"https:\/\/todoapulmon-rafaela.com\/index.php\/wp-json\/wp\/v2\/media\/15175"}],"wp:attachment":[{"href":"https:\/\/todoapulmon-rafaela.com\/index.php\/wp-json\/wp\/v2\/media?parent=15174"}],"wp:term":[{"taxonomy":"category","embeddable":true,"href":"https:\/\/todoapulmon-rafaela.com\/index.php\/wp-json\/wp\/v2\/categories?post=15174"},{"taxonomy":"post_tag","embeddable":true,"href":"https:\/\/todoapulmon-rafaela.com\/index.php\/wp-json\/wp\/v2\/tags?post=15174"}],"curies":[{"name":"wp","href":"https:\/\/api.w.org\/{rel}","templated":true}]}}