{"id":15046,"date":"2018-10-22T11:37:17","date_gmt":"2018-10-22T11:37:17","guid":{"rendered":"http:\/\/todoapulmon-rafaela.com\/?p=15046"},"modified":"2018-10-22T11:37:17","modified_gmt":"2018-10-22T11:37:17","slug":"positivas-performances-en-el-provincial","status":"publish","type":"post","link":"https:\/\/todoapulmon-rafaela.com\/index.php\/2018\/10\/22\/positivas-performances-en-el-provincial\/","title":{"rendered":"Positivas performances en el Provincial"},"content":{"rendered":"<div dir=\"ltr\">\n<div>En Provincial U20 y U23 que se realiz\u00f3 en Santa Fe el s\u00e1bado, donde ya hici\u00e9ramos hincapi\u00e9 en la gran performance de los marchistas Sof\u00eda Kloster y Jonathan Acevedo, del CRAS tambi\u00e9n se destacaron: Josefina Benassi con el primer puesto en salto triple; Celina Harte primer puesto en salto en alto U20. Cabe mencionar que las citadas atletas son oriundas de San Jorge y entrenan con Magallanes.<br \/>\nMaximiliano Fagnola obtuvo el primer puesto en salto triple, mientras que Sabrina Rosa fue cuarta en triple y salto en largo. Fuera de prueba compitieron H\u00e9ctor Heit, Roc\u00edo Donnet (CEF 53) y Pablo Pereyra.<br \/>\nDel grupo entrenado por Leandro Bonamino en el CRAS, Valent\u00edn Menossi obtuvo el tercer puesto en lanzamiento de martillo (U20); Valentina Aballay fue segunda en 100 y 200 metros llanos (U20); Agust\u00edn Bonetto segundo en marcha 5.000 metros (U20) y Francisco Bonetto tercero en 400 metros con vallas (U20).<\/div>\n<div>Adem\u00e1s, participaron dos atletas del CEF 53 entrenados por Enrique Aguirre. Alejo Pagaburu mostr\u00f3 un buen nivel en 400 metros con vallas ya que casi repiti\u00f3 su mejor marca: 57s83 (qued\u00f3 a una cent\u00e9sima). Adem\u00e1s, Fernando Vera (cat. U18) mejor\u00f3 marcas en 200 metros llanos y salto triple.<\/div>\n<\/div>\n","protected":false},"excerpt":{"rendered":"<p>En Provincial U20 y U23 que se realiz\u00f3 en Santa Fe el s\u00e1bado, donde ya hici\u00e9ramos hincapi\u00e9 en la gran<\/p>\n","protected":false},"author":2,"featured_media":15047,"comment_status":"open","ping_status":"open","sticky":false,"template":"","format":"standard","meta":{"footnotes":""},"categories":[7],"tags":[],"class_list":["post-15046","post","type-post","status-publish","format-standard","has-post-thumbnail","hentry","category-atletismo"],"cc_featured_image_caption":{"caption_text":"Parte de la delegaci\u00f3n en Santa Fe.","source_text":"","source_url":""},"_links":{"self":[{"href":"https:\/\/todoapulmon-rafaela.com\/index.php\/wp-json\/wp\/v2\/posts\/15046"}],"collection":[{"href":"https:\/\/todoapulmon-rafaela.com\/index.php\/wp-json\/wp\/v2\/posts"}],"about":[{"href":"https:\/\/todoapulmon-rafaela.com\/index.php\/wp-json\/wp\/v2\/types\/post"}],"author":[{"embeddable":true,"href":"https:\/\/todoapulmon-rafaela.com\/index.php\/wp-json\/wp\/v2\/users\/2"}],"replies":[{"embeddable":true,"href":"https:\/\/todoapulmon-rafaela.com\/index.php\/wp-json\/wp\/v2\/comments?post=15046"}],"version-history":[{"count":1,"href":"https:\/\/todoapulmon-rafaela.com\/index.php\/wp-json\/wp\/v2\/posts\/15046\/revisions"}],"predecessor-version":[{"id":15048,"href":"https:\/\/todoapulmon-rafaela.com\/index.php\/wp-json\/wp\/v2\/posts\/15046\/revisions\/15048"}],"wp:featuredmedia":[{"embeddable":true,"href":"https:\/\/todoapulmon-rafaela.com\/index.php\/wp-json\/wp\/v2\/media\/15047"}],"wp:attachment":[{"href":"https:\/\/todoapulmon-rafaela.com\/index.php\/wp-json\/wp\/v2\/media?parent=15046"}],"wp:term":[{"taxonomy":"category","embeddable":true,"href":"https:\/\/todoapulmon-rafaela.com\/index.php\/wp-json\/wp\/v2\/categories?post=15046"},{"taxonomy":"post_tag","embeddable":true,"href":"https:\/\/todoapulmon-rafaela.com\/index.php\/wp-json\/wp\/v2\/tags?post=15046"}],"curies":[{"name":"wp","href":"https:\/\/api.w.org\/{rel}","templated":true}]}}