{"id":14974,"date":"2018-10-17T21:47:02","date_gmt":"2018-10-17T21:47:02","guid":{"rendered":"http:\/\/todoapulmon-rafaela.com\/?p=14974"},"modified":"2018-10-17T23:46:48","modified_gmt":"2018-10-17T23:46:48","slug":"mayco-vivas-regresa-a-la-lista-de-los-pumas-para-la-gira-por-europa","status":"publish","type":"post","link":"https:\/\/todoapulmon-rafaela.com\/index.php\/2018\/10\/17\/mayco-vivas-regresa-a-la-lista-de-los-pumas-para-la-gira-por-europa\/","title":{"rendered":"Mayco Vivas regresa a la lista de Los Pumas para la gira por Europa"},"content":{"rendered":"<p>Se viene una gira dura en Europa y Los Pumas tienen sus nombres para empezar los entrenamientos este jueves. Ahora son 38, aunque despu\u00e9s se reducir\u00e1 a 30 para viajar para jugar tests con Irlanda, Francia y Escocia, y tambi\u00e9n con los Barbarians en Twickenham.<\/p>\n<p>Mario Ledesma volvi\u00f3 a darle la oportunidad a algunos j\u00f3venes en esta convocatoria, y entre ellos aparece nuevamente el rafaelino Mayco Vivas, quien hab\u00eda estado entrenando en la parte inicial del proceso del Rugby Championship.<\/p>\n<p>Tras su operaci\u00f3n en el hombro, Nahuel Tetaz Chaparro no est\u00e1 en la n\u00f3mina y es una baja muy sensible. Ramiro Herrera por el momento es el \u00fanico con presente en Europa convocado. Junto al rafaelino, est\u00e1n tambi\u00e9n los primeras l\u00edneas Lucio Sordoni (su compa\u00f1ero en Plaza) y Enrique Pieretto para reforzar la primera l\u00ednea.<\/p>\n<p>Como novedad, igualmente, aparecen Lucas Paulos y Santiago Grondona, dos ex Pumitas, que ya estuvieron en algunos entrenamientos con Los Pumas y sue\u00f1an con su primera gira.<\/p>\n<p>Bautista Delguy, Tom\u00e1s Lezana y Nicol\u00e1s S\u00e1nchez, quienes terminaron el Rugby Championship con algunas molestias f\u00edsicas, est\u00e1n dentro de los 38 y habr\u00e1 que ver su evoluci\u00f3n.<\/p>\n<p>Entre los backs tambi\u00e9n se destacan las nuevas convocatorias a Manuel Montero y Mat\u00edas Osadczuk, quienes tambi\u00e9n estuvieron entren\u00e1ndose durante el Rugby Championship, aunque no sumaron minutos.<\/p>\n<p>Ma\u00f1ana y el viernes habr\u00e1 dos d\u00edas de actividad y evaluaciones, para luego retomar la pr\u00f3xima semana con un intenso programa de entrenamientos que abarcar\u00e1 de lunes 22 al viernes 26. La \u00faltima semana de este mes de octubre el plantel trabajar\u00e1 a lo largo de cuatro d\u00edas y partir\u00e1 el s\u00e1bado 3 de noviembre hacia la ciudad de Dubl\u00edn.<\/p>\n<p>En la capital irlandesa, Los Pumas jugar\u00e1n el s\u00e1bado 10 ante los locales. Una semana m\u00e1s tarde, visitar\u00e1n a Francia en Lille y el s\u00e1bado 24 en Edimburgo, se medir\u00e1n con Escocia. El cierre del tour europea ser\u00e1 el s\u00e1bado 1\u00b0 de diciembre en Twickenham, enfrentando a Barbarians.<\/p>\n<p><strong>PLANTEL:<\/strong><br \/>\n1- Mat\u00edas Alemanno<br \/>\n2- Gonzalo Bertranou<br \/>\n3- Emiliano Boffelli<br \/>\n4- Rodrigo Bruni<br \/>\n5- Sebasti\u00e1n Cancelliere<br \/>\n6- Agust\u00edn Creevy<br \/>\n7- Tom\u00e1s Cubelli<br \/>\n8- Jer\u00f3nimo de la Fuente<br \/>\n9- Bautista Delguy<br \/>\n10- Joaqu\u00edn D\u00edaz Bonilla<br \/>\n11- Bautista Ezcurra<br \/>\n12- Santiago Garc\u00eda Botta<br \/>\n13- Santiago Gonz\u00e1lez Iglesias<br \/>\n14- Santiago Grondona<br \/>\n15- Ramiro Herrera<br \/>\n16- Marcos Kremer<br \/>\n17- Mart\u00edn Landajo<br \/>\n18- Tom\u00e1s Lavanini<br \/>\n19- Juan Manuel Leguizam\u00f3n<br \/>\n20- Tom\u00e1s Lezana<br \/>\n21- Juan Cruz Mall\u00eda<br \/>\n22- Pablo Matera<br \/>\n23- Santiago Medrano<br \/>\n24- Manuel Montero<br \/>\n25- Juli\u00e1n Montoya<br \/>\n26. Mat\u00edas Moroni<br \/>\n27- Ramiro Moyano<br \/>\n28- Mat\u00edas Orlando<br \/>\n29- Javier Ortega Desio<br \/>\n30- Mat\u00edas Osadczuk<br \/>\n31- Lucas Paulos<br \/>\n32- Guido Petti<br \/>\n33- Enrique Pieretto<br \/>\n34- Nicol\u00e1s S\u00e1nchez<br \/>\n35- Leonardo Senatore<br \/>\n36- Lucio Sordoni<br \/>\n37- Mayco Vivas<br \/>\n38- Juan Pablo Zeiss<\/p>\n<p>(Fuente: Scrum y Los Pumas.com.ar).<\/p>\n","protected":false},"excerpt":{"rendered":"<p>Se viene una gira dura en Europa y Los Pumas tienen sus nombres para empezar los entrenamientos este jueves. Ahora<\/p>\n","protected":false},"author":2,"featured_media":14989,"comment_status":"open","ping_status":"open","sticky":false,"template":"","format":"standard","meta":{"footnotes":""},"categories":[24,2],"tags":[],"class_list":["post-14974","post","type-post","status-publish","format-standard","has-post-thumbnail","hentry","category-noticias-destacadas","category-rugby"],"cc_featured_image_caption":{"caption_text":"","source_text":"","source_url":""},"_links":{"self":[{"href":"https:\/\/todoapulmon-rafaela.com\/index.php\/wp-json\/wp\/v2\/posts\/14974"}],"collection":[{"href":"https:\/\/todoapulmon-rafaela.com\/index.php\/wp-json\/wp\/v2\/posts"}],"about":[{"href":"https:\/\/todoapulmon-rafaela.com\/index.php\/wp-json\/wp\/v2\/types\/post"}],"author":[{"embeddable":true,"href":"https:\/\/todoapulmon-rafaela.com\/index.php\/wp-json\/wp\/v2\/users\/2"}],"replies":[{"embeddable":true,"href":"https:\/\/todoapulmon-rafaela.com\/index.php\/wp-json\/wp\/v2\/comments?post=14974"}],"version-history":[{"count":3,"href":"https:\/\/todoapulmon-rafaela.com\/index.php\/wp-json\/wp\/v2\/posts\/14974\/revisions"}],"predecessor-version":[{"id":14991,"href":"https:\/\/todoapulmon-rafaela.com\/index.php\/wp-json\/wp\/v2\/posts\/14974\/revisions\/14991"}],"wp:featuredmedia":[{"embeddable":true,"href":"https:\/\/todoapulmon-rafaela.com\/index.php\/wp-json\/wp\/v2\/media\/14989"}],"wp:attachment":[{"href":"https:\/\/todoapulmon-rafaela.com\/index.php\/wp-json\/wp\/v2\/media?parent=14974"}],"wp:term":[{"taxonomy":"category","embeddable":true,"href":"https:\/\/todoapulmon-rafaela.com\/index.php\/wp-json\/wp\/v2\/categories?post=14974"},{"taxonomy":"post_tag","embeddable":true,"href":"https:\/\/todoapulmon-rafaela.com\/index.php\/wp-json\/wp\/v2\/tags?post=14974"}],"curies":[{"name":"wp","href":"https:\/\/api.w.org\/{rel}","templated":true}]}}