{"id":1496,"date":"2016-06-25T13:08:39","date_gmt":"2016-06-25T13:08:39","guid":{"rendered":"http:\/\/todoapulmon-rafaela.com\/?p=1496"},"modified":"2016-06-25T13:08:39","modified_gmt":"2016-06-25T13:08:39","slug":"acuna-entre-los-20-para-el-sueno-olimpico","status":"publish","type":"post","link":"https:\/\/todoapulmon-rafaela.com\/index.php\/2016\/06\/25\/acuna-entre-los-20-para-el-sueno-olimpico\/","title":{"rendered":"Acu\u00f1a, entre los 20 para el sue\u00f1o ol\u00edmpico"},"content":{"rendered":"<p>Sergio Hern\u00e1ndez confirm\u00f3 la lista de convocados para la Preselecci\u00f3n Argentina que afrontar\u00e1 el sue\u00f1o ol\u00edmpico en R\u00edo de Janeiro. El entrenador nacional cit\u00f3 un total de 20 jugadores, nueve de los cuales provendr\u00e1n del equipo que est\u00e1 en Caracas, a punto de disputar el Sudamericano (26 de junio al 2 de julio) entre ellos el rafaelino Roberto Acu\u00f1a.<br \/>\nLos trabajos del seleccionado comenzar\u00e1n el lunes 4 de julio en CeNARD y se extender\u00e1n hasta el martes 12, donde el grupo se trasladar\u00e1 a Las Vegas, Estados Unidos, para continuar su preparaci\u00f3n. All\u00ed Argentina disputar\u00e1 sus tres primeros amistosos: el 18 y el 20, ante Nigeria (ambos en el Thomas &amp; Mack Center), y el 23, ante el local con todos sus NBA (en el T-Mobile Arena). El retorno de la delegaci\u00f3n ser\u00e1 un d\u00eda despu\u00e9s (el domingo 24).<br \/>\nAdem\u00e1s del actual jugador de Pe\u00f1arol de Mar del Plata, quedaron convocados Facundo Campazzo, Nicol\u00e1s Laprovittola, Luca Vildoza, Emanuel Gin\u00f3bili, Nicol\u00e1s Brussino, Leonel Schattmann, Selem Safar, Nicol\u00e1s Richotti, Andr\u00e9s Nocioni, Patricio Garino, Marcos Mata, Federico Aguerre, Juan Pablo Vaulet, Gabriel Deck, Luis Scola, Leonardo Mainoldi, Javier Saiz, Marcos Del\u00eda, Roberto Acu\u00f1a y Tayavek Gallizzi.<br \/>\nTRIUNFO EN EL AMISTOSO<br \/>\nEn su segundo amistoso en tierras venezolanas, la selecci\u00f3n nacional se impuso a Venezuela B por 93 a 64, partido en el cual Acu\u00f1a convirti\u00f3 4 puntos.<br \/>\nAhora Argentina seguir\u00e1 trabajando a la espera del debut en el Sudamericano, que ser\u00e1 el lunes frente a Uruguay. Vale recordar que, adem\u00e1s, en el Grupo B estar\u00e1n Per\u00fa, Chile y Colombia.<br \/>\nS\u00edntesis<br \/>\nArgentina (93): De los Santos 1, Brussino 15, Deck 12, Mainoldi 6, Del\u00eda 3 (FI). Balbi 3, Schattmann 21, Aguerre 3, Romano 10, Acu\u00f1a 4, Vildoza 3 y Saiz 12. DT: Nicol\u00e1s Casal\u00e1nguida.<br \/>\nVenezuela (64): Cazorla 3, Chourio 10, Gim\u00e9nez 3, Centeno 12, Coronado 4 (FI). Hern\u00e1ndez 13, Mater\u00e1n 12, Mart\u00ednez 4, Carrillo 2, Aranguren 1, Hurtado 0. DT: Daniel Seoane.<br \/>\nParciales: 23-7, 42-22, 72-46 y 93-64.<\/p>\n","protected":false},"excerpt":{"rendered":"<p>Sergio Hern\u00e1ndez confirm\u00f3 la lista de convocados para la Preselecci\u00f3n Argentina que afrontar\u00e1 el sue\u00f1o ol\u00edmpico en R\u00edo de Janeiro.<\/p>\n","protected":false},"author":2,"featured_media":1497,"comment_status":"open","ping_status":"open","sticky":false,"template":"","format":"standard","meta":{"footnotes":""},"categories":[5],"tags":[],"class_list":["post-1496","post","type-post","status-publish","format-standard","has-post-thumbnail","hentry","category-basquet"],"cc_featured_image_caption":{"caption_text":"Acu\u00f1a est\u00e1 en Venezuela donde el lunes comenzar\u00e1 el Sudamericano. (foto CABB).","source_text":"","source_url":""},"_links":{"self":[{"href":"https:\/\/todoapulmon-rafaela.com\/index.php\/wp-json\/wp\/v2\/posts\/1496"}],"collection":[{"href":"https:\/\/todoapulmon-rafaela.com\/index.php\/wp-json\/wp\/v2\/posts"}],"about":[{"href":"https:\/\/todoapulmon-rafaela.com\/index.php\/wp-json\/wp\/v2\/types\/post"}],"author":[{"embeddable":true,"href":"https:\/\/todoapulmon-rafaela.com\/index.php\/wp-json\/wp\/v2\/users\/2"}],"replies":[{"embeddable":true,"href":"https:\/\/todoapulmon-rafaela.com\/index.php\/wp-json\/wp\/v2\/comments?post=1496"}],"version-history":[{"count":1,"href":"https:\/\/todoapulmon-rafaela.com\/index.php\/wp-json\/wp\/v2\/posts\/1496\/revisions"}],"predecessor-version":[{"id":1498,"href":"https:\/\/todoapulmon-rafaela.com\/index.php\/wp-json\/wp\/v2\/posts\/1496\/revisions\/1498"}],"wp:featuredmedia":[{"embeddable":true,"href":"https:\/\/todoapulmon-rafaela.com\/index.php\/wp-json\/wp\/v2\/media\/1497"}],"wp:attachment":[{"href":"https:\/\/todoapulmon-rafaela.com\/index.php\/wp-json\/wp\/v2\/media?parent=1496"}],"wp:term":[{"taxonomy":"category","embeddable":true,"href":"https:\/\/todoapulmon-rafaela.com\/index.php\/wp-json\/wp\/v2\/categories?post=1496"},{"taxonomy":"post_tag","embeddable":true,"href":"https:\/\/todoapulmon-rafaela.com\/index.php\/wp-json\/wp\/v2\/tags?post=1496"}],"curies":[{"name":"wp","href":"https:\/\/api.w.org\/{rel}","templated":true}]}}