{"id":14928,"date":"2018-10-14T18:45:14","date_gmt":"2018-10-14T18:45:14","guid":{"rendered":"http:\/\/todoapulmon-rafaela.com\/?p=14928"},"modified":"2018-10-14T19:09:01","modified_gmt":"2018-10-14T19:09:01","slug":"yoel-vargas-fue-tercero-en-la-prueba-en-linea","status":"publish","type":"post","link":"https:\/\/todoapulmon-rafaela.com\/index.php\/2018\/10\/14\/yoel-vargas-fue-tercero-en-la-prueba-en-linea\/","title":{"rendered":"Yoel Vargas fue tercero en la prueba en l\u00ednea"},"content":{"rendered":"<p>Este domingo fue muy diferente para Yoel Vargas en la segunda jornada del ciclismo combinado de los Juegos Ol\u00edmpicos de la Juventud Buenos Aires 2018, en relaci\u00f3n a la jornada inicial. El pedalista rafaelino obtuvo el tercer puesto en la competencia en l\u00ednea sobre 70 kil\u00f3metros con un tiempo de 1h31m03s, quedando a solo 5 segundos del ganador, Glebb Brussenskiy (Kazahkst\u00e1n) y el segundo, Arthur Kruckers (Luxemburgo).<\/p>\n<p>Las condiciones naturales del rafaelino para este tipo de competencia se ratificaron y as\u00ed sum\u00f3 65 puntos para la clasificaci\u00f3n general del equipo argentino. En tanto, su compa\u00f1ero Agust\u00edn Dur\u00e1n se ubic\u00f3 28\u00ba con 1h31m03s. Cabe mencionar que solamente suman los primeros 16 de la clasificaci\u00f3n.<\/p>\n<p>En damas, Valentina Mu\u00f1oz 17\u00aa) y Camila Samso (23\u00aa) llegaron en el pelot\u00f3n a 59s con 1h42m19s. Svetlana Pachshenko (Kazahkst\u00e1n) fue la ganadora y que se llev\u00f3 los 100 puntos de la prueba, que se hizo a 60 kil\u00f3metros.<\/p>\n<p>En la general masculina, luego de dos d\u00edas, lidera Kazakhst\u00e1n con 220 puntos, segundo Luxemburgo con 160, tercero Dinamarca con 106, y cuarto Argentina con 65.<\/p>\n<p>Ma\u00f1ana ser\u00e1 el turno para agarrar la bici de mountain bike para los chicos y chicas, esperando posicionarse nuevamente de buena manera. En la general marchan 13.<\/p>\n<p>CLASIFICACION VARONES DOMINGO<\/p>\n<table class=\"table table-result\">\n<thead>\n<tr>\n<th class=\"text-center\">Posici\u00f3n<\/th>\n<th class=\"text-center\">N\u00famero para la carrera<\/th>\n<th class=\"text-left\">Nombre<\/th>\n<th class=\"text-center\">Tiempo final<\/th>\n<th class=\"text-center\">Tiempo<br \/>\natr\u00e1s<\/th>\n<th class=\"text-center\">Puntos<\/th>\n<\/tr>\n<\/thead>\n<tbody>\n<tr class=\"Res2\">\n<td class=\"text-center\">1<\/td>\n<td class=\"text-center\">3<\/td>\n<td>\n<div class=\"playerTag\"><img decoding=\"async\" class=\"playerTagPhoto\" src=\"https:\/\/www.buenosaires2018.com\/results\/resYOG2018\/img\/bios\/photos\/1028869.jpg\" alt=\"\" \/><a class=\"countryLink upper\" href=\"https:\/\/www.buenosaires2018.com\/results\/es\/all-sports\/noc-entries-kazajstan.htm\"><img decoding=\"async\" class=\"flagStyle\" title=\"Kazajst\u00e1n\" src=\"https:\/\/www.buenosaires2018.com\/results\/resCOMMON\/img\/flags\/KAZ.png\" alt=\"\" \/><abbr class=\"country\" title=\"Kazajst\ufffdn\">KAZ<\/abbr><\/a><\/p>\n<div class=\"playerName \"><a href=\"https:\/\/www.buenosaires2018.com\/results\/es\/ciclismo\/perfil-de-atleta-n1028869-brussenskiy-gleb.htm\">BRUSSENSKIY Gleb<\/a><\/div>\n<div class=\"clearfix\"><\/div>\n<\/div>\n<\/td>\n<td class=\"text-center\">1:30:58<\/td>\n<td class=\"text-center\">+0<\/td>\n<td class=\"text-center\">100<\/td>\n<\/tr>\n<tr class=\"Res1\">\n<td class=\"text-center\">2<\/td>\n<td class=\"text-center\">30<\/td>\n<td>\n<div class=\"playerTag\"><img decoding=\"async\" class=\"playerTagPhoto\" src=\"https:\/\/www.buenosaires2018.com\/results\/resYOG2018\/img\/bios\/photos\/1001388.jpg\" alt=\"\" \/><a class=\"countryLink upper\" href=\"https:\/\/www.buenosaires2018.com\/results\/es\/all-sports\/noc-entries-luxemburgo.htm\"><img decoding=\"async\" class=\"flagStyle\" title=\"Luxemburgo\" src=\"https:\/\/www.buenosaires2018.com\/results\/resCOMMON\/img\/flags\/LUX.png\" alt=\"\" \/><abbr class=\"country\" title=\"Luxemburgo\">LUX<\/abbr><\/a><\/p>\n<div class=\"playerName \"><a href=\"https:\/\/www.buenosaires2018.com\/results\/es\/ciclismo\/perfil-de-atleta-n1001388-kluckers-arthur.htm\">KLUCKERS Arthur<\/a><\/div>\n<div class=\"clearfix\"><\/div>\n<\/div>\n<\/td>\n<td class=\"text-center\">1:30:58<\/td>\n<td class=\"text-center\">+0<\/td>\n<td class=\"text-center\">80<\/td>\n<\/tr>\n<tr class=\"Res2\">\n<td class=\"text-center\">3<\/td>\n<td class=\"text-center\">38<\/td>\n<td>\n<div class=\"playerTag\"><img decoding=\"async\" class=\"playerTagPhoto\" src=\"https:\/\/www.buenosaires2018.com\/results\/resYOG2018\/img\/bios\/photos\/1004150.jpg\" alt=\"\" \/><a class=\"countryLink upper\" href=\"https:\/\/www.buenosaires2018.com\/results\/es\/all-sports\/noc-entries-argentina.htm\"><img decoding=\"async\" class=\"flagStyle\" title=\"Argentina\" src=\"https:\/\/www.buenosaires2018.com\/results\/resCOMMON\/img\/flags\/ARG.png\" alt=\"\" \/><abbr class=\"country\" title=\"Argentina\">ARG<\/abbr><\/a><\/p>\n<div class=\"playerName \"><a href=\"https:\/\/www.buenosaires2018.com\/results\/es\/ciclismo\/perfil-de-atleta-n1004150-vargas-yoel-agustin.htm\">VARGAS Yoel Agustin<\/a><\/div>\n<div class=\"clearfix\"><\/div>\n<\/div>\n<\/td>\n<td class=\"text-center\">1:31:03<\/td>\n<td class=\"text-center\">+5<\/td>\n<td class=\"text-center\">65<\/td>\n<\/tr>\n<tr class=\"Res1\">\n<td class=\"text-center\">4<\/td>\n<td class=\"text-center\">35<\/td>\n<td>\n<div class=\"playerTag\"><img decoding=\"async\" class=\"playerTagPhoto\" src=\"https:\/\/www.buenosaires2018.com\/results\/resYOG2018\/img\/bios\/photos\/1044129.jpg\" alt=\"\" \/><a class=\"countryLink upper\" href=\"https:\/\/www.buenosaires2018.com\/results\/es\/all-sports\/noc-entries-colombia.htm\"><img decoding=\"async\" class=\"flagStyle\" title=\"Colombia\" src=\"https:\/\/www.buenosaires2018.com\/results\/resCOMMON\/img\/flags\/COL.png\" alt=\"\" \/><abbr class=\"country\" title=\"Colombia\">COL<\/abbr><\/a><\/p>\n<div class=\"playerName \"><a href=\"https:\/\/www.buenosaires2018.com\/results\/es\/ciclismo\/perfil-de-atleta-n1044129-gomez-jaramillo-nicolas-david.htm\">GOMEZ JARAMILLO Nicolas David<\/a><\/div>\n<div class=\"clearfix\"><\/div>\n<\/div>\n<\/td>\n<td class=\"text-center\">1:31:03<\/td>\n<td class=\"text-center\">+5<\/td>\n<td class=\"text-center\">50<\/td>\n<\/tr>\n<tr class=\"Res2\">\n<td class=\"text-center\">5<\/td>\n<td class=\"text-center\">8<\/td>\n<td>\n<div class=\"playerTag\"><img decoding=\"async\" class=\"playerTagPhoto\" src=\"https:\/\/www.buenosaires2018.com\/results\/resYOG2018\/img\/bios\/photos\/1019927.jpg\" alt=\"\" \/><a class=\"countryLink upper\" href=\"https:\/\/www.buenosaires2018.com\/results\/es\/all-sports\/noc-entries-dinamarca.htm\"><img decoding=\"async\" class=\"flagStyle\" title=\"Dinamarca\" src=\"https:\/\/www.buenosaires2018.com\/results\/resCOMMON\/img\/flags\/DEN.png\" alt=\"\" \/><abbr class=\"country\" title=\"Dinamarca\">DEN<\/abbr><\/a><\/p>\n<div class=\"playerName \"><a href=\"https:\/\/www.buenosaires2018.com\/results\/es\/ciclismo\/perfil-de-atleta-n1019927-madsen-jacob.htm\">MADSEN Jacob<\/a><\/div>\n<div class=\"clearfix\"><\/div>\n<\/div>\n<\/td>\n<td class=\"text-center\">1:31:03<\/td>\n<td class=\"text-center\">+5<\/td>\n<td class=\"text-center\">40<\/td>\n<\/tr>\n<tr class=\"Res1\">\n<td class=\"text-center\">6<\/td>\n<td class=\"text-center\">21<\/td>\n<td>\n<div class=\"playerTag\"><img decoding=\"async\" class=\"playerTagPhoto\" src=\"https:\/\/www.buenosaires2018.com\/results\/resYOG2018\/img\/bios\/photos\/1008704.jpg\" alt=\"\" \/><a class=\"countryLink upper\" href=\"https:\/\/www.buenosaires2018.com\/results\/es\/all-sports\/noc-entries-hungria.htm\"><img decoding=\"async\" class=\"flagStyle\" title=\"Hungr\u00eda\" src=\"https:\/\/www.buenosaires2018.com\/results\/resCOMMON\/img\/flags\/HUN.png\" alt=\"\" \/><abbr class=\"country\" title=\"Hungr\ufffda\">HUN<\/abbr><\/a><\/p>\n<div class=\"playerName \"><a href=\"https:\/\/www.buenosaires2018.com\/results\/es\/ciclismo\/perfil-de-atleta-n1008704-fetter-erik.htm\">FETTER Erik<\/a><\/div>\n<div class=\"clearfix\"><\/div>\n<\/div>\n<\/td>\n<td class=\"text-center\">1:31:03<\/td>\n<td class=\"text-center\">+5<\/td>\n<td class=\"text-center\">30<\/td>\n<\/tr>\n<tr class=\"Res2\">\n<td class=\"text-center\">7<\/td>\n<td class=\"text-center\">28<\/td>\n<td>\n<div class=\"playerTag\"><img decoding=\"async\" class=\"playerTagPhoto\" src=\"https:\/\/www.buenosaires2018.com\/results\/resYOG2018\/img\/bios\/photos\/1008106.jpg\" alt=\"\" \/><a class=\"countryLink upper\" href=\"https:\/\/www.buenosaires2018.com\/results\/es\/all-sports\/noc-entries-chile.htm\"><img decoding=\"async\" class=\"flagStyle\" title=\"Chile\" src=\"https:\/\/www.buenosaires2018.com\/results\/resCOMMON\/img\/flags\/CHI.png\" alt=\"\" \/><abbr class=\"country\" title=\"Chile\">CHI<\/abbr><\/a><\/p>\n<div class=\"playerName \"><a href=\"https:\/\/www.buenosaires2018.com\/results\/es\/ciclismo\/perfil-de-atleta-n1008106-vidaurre-martin.htm\">VIDAURRE Martin<\/a><\/div>\n<div class=\"clearfix\"><\/div>\n<\/div>\n<\/td>\n<td class=\"text-center\">1:31:03<\/td>\n<td class=\"text-center\">+5<\/td>\n<td class=\"text-center\">25<\/td>\n<\/tr>\n<tr class=\"Res1\">\n<td class=\"text-center\">8<\/td>\n<td class=\"text-center\">4<\/td>\n<td>\n<div class=\"playerTag\"><img decoding=\"async\" class=\"playerTagPhoto\" src=\"https:\/\/www.buenosaires2018.com\/results\/resYOG2018\/img\/bios\/photos\/1028870.jpg\" alt=\"\" \/><a class=\"countryLink upper\" href=\"https:\/\/www.buenosaires2018.com\/results\/es\/all-sports\/noc-entries-kazajstan.htm\"><img decoding=\"async\" class=\"flagStyle\" title=\"Kazajst\u00e1n\" src=\"https:\/\/www.buenosaires2018.com\/results\/resCOMMON\/img\/flags\/KAZ.png\" alt=\"\" \/><abbr class=\"country\" title=\"Kazajst\ufffdn\">KAZ<\/abbr><\/a><\/p>\n<div class=\"playerName \"><a href=\"https:\/\/www.buenosaires2018.com\/results\/es\/ciclismo\/perfil-de-atleta-n1028870-fedorov-yevgeniy.htm\">FEDOROV Yevgeniy<\/a><\/div>\n<div class=\"clearfix\"><\/div>\n<\/div>\n<\/td>\n<td class=\"text-center\">1:31:03<\/td>\n<td class=\"text-center\">+5<\/td>\n<td class=\"text-center\">20<\/td>\n<\/tr>\n<tr class=\"Res2\">\n<td class=\"text-center\">9<\/td>\n<td class=\"text-center\">26<\/td>\n<td>\n<div class=\"playerTag\"><img decoding=\"async\" class=\"playerTagPhoto\" src=\"https:\/\/www.buenosaires2018.com\/results\/resYOG2018\/img\/bios\/photos\/1024107.jpg\" alt=\"\" \/><a class=\"countryLink upper\" href=\"https:\/\/www.buenosaires2018.com\/results\/es\/all-sports\/noc-entries-eslovenia.htm\"><img decoding=\"async\" class=\"flagStyle\" title=\"Eslovenia\" src=\"https:\/\/www.buenosaires2018.com\/results\/resCOMMON\/img\/flags\/SLO.png\" alt=\"\" \/><abbr class=\"country\" title=\"Eslovenia\">SLO<\/abbr><\/a><\/p>\n<div class=\"playerName \"><a href=\"https:\/\/www.buenosaires2018.com\/results\/es\/ciclismo\/perfil-de-atleta-n1024107-skok-anze.htm\">SKOK Anze<\/a><\/div>\n<div class=\"clearfix\"><\/div>\n<\/div>\n<\/td>\n<td class=\"text-center\">1:31:03<\/td>\n<td class=\"text-center\">+5<\/td>\n<td class=\"text-center\">15<\/td>\n<\/tr>\n<tr class=\"Res1\">\n<td class=\"text-center\">10<\/td>\n<td class=\"text-center\">2<\/td>\n<td>\n<div class=\"playerTag\"><img decoding=\"async\" class=\"playerTagPhoto\" src=\"https:\/\/www.buenosaires2018.com\/results\/resYOG2018\/img\/bios\/photos\/1013949.jpg\" alt=\"\" \/><a class=\"countryLink upper\" href=\"https:\/\/www.buenosaires2018.com\/results\/es\/all-sports\/noc-entries-suiza.htm\"><img decoding=\"async\" class=\"flagStyle\" title=\"Suiza\" src=\"https:\/\/www.buenosaires2018.com\/results\/resCOMMON\/img\/flags\/SUI.png\" alt=\"\" \/><abbr class=\"country\" title=\"Suiza\">SUI<\/abbr><\/a><\/p>\n<div class=\"playerName \"><a href=\"https:\/\/www.buenosaires2018.com\/results\/es\/ciclismo\/perfil-de-atleta-n1013949-sommer-jan.htm\">SOMMER Jan<\/a><\/div>\n<div class=\"clearfix\"><\/div>\n<\/div>\n<\/td>\n<td class=\"text-center\">1:31:03<\/td>\n<td class=\"text-center\">+5<\/td>\n<td class=\"text-center\">10<\/td>\n<\/tr>\n<tr class=\"Res2\">\n<td class=\"text-center\">11<\/td>\n<td class=\"text-center\">10<\/td>\n<td>\n<div class=\"playerTag\"><img decoding=\"async\" class=\"playerTagPhoto\" src=\"https:\/\/www.buenosaires2018.com\/results\/resYOG2018\/img\/bios\/photos\/1001081.jpg\" alt=\"\" \/><a class=\"countryLink upper\" href=\"https:\/\/www.buenosaires2018.com\/results\/es\/all-sports\/noc-entries-israel.htm\"><img decoding=\"async\" class=\"flagStyle\" title=\"Israel\" src=\"https:\/\/www.buenosaires2018.com\/results\/resCOMMON\/img\/flags\/ISR.png\" alt=\"\" \/><abbr class=\"country\" title=\"Israel\">ISR<\/abbr><\/a><\/p>\n<div class=\"playerName \"><a href=\"https:\/\/www.buenosaires2018.com\/results\/es\/ciclismo\/perfil-de-atleta-n1001081-raisberg-nadav.htm\">RAISBERG Nadav<\/a><\/div>\n<div class=\"clearfix\"><\/div>\n<\/div>\n<\/td>\n<td class=\"text-center\">1:31:03<\/td>\n<td class=\"text-center\">+5<\/td>\n<td class=\"text-center\">8<\/td>\n<\/tr>\n<tr class=\"Res1\">\n<td class=\"text-center\">12<\/td>\n<td class=\"text-center\">24<\/td>\n<td>\n<div class=\"playerTag\"><img decoding=\"async\" class=\"playerTagPhoto\" src=\"https:\/\/www.buenosaires2018.com\/results\/resYOG2018\/img\/bios\/photos\/1024253.jpg\" alt=\"\" \/><a class=\"countryLink upper\" href=\"https:\/\/www.buenosaires2018.com\/results\/es\/all-sports\/noc-entries-mexico.htm\"><img decoding=\"async\" class=\"flagStyle\" title=\"M\u00e9xico\" src=\"https:\/\/www.buenosaires2018.com\/results\/resCOMMON\/img\/flags\/MEX.png\" alt=\"\" \/><abbr class=\"country\" title=\"M\ufffdxico\">MEX<\/abbr><\/a><\/p>\n<div class=\"playerName \"><a href=\"https:\/\/www.buenosaires2018.com\/results\/es\/ciclismo\/perfil-de-atleta-n1024253-garcia-barron-brian-joshua-ivan.htm\">GARCIA BARRON Brian Joshua Ivan<\/a><\/div>\n<div class=\"clearfix\"><\/div>\n<\/div>\n<\/td>\n<td class=\"text-center\">1:31:03<\/td>\n<td class=\"text-center\">+5<\/td>\n<td class=\"text-center\">6<\/td>\n<\/tr>\n<tr class=\"Res2\">\n<td class=\"text-center\">13<\/td>\n<td class=\"text-center\">18<\/td>\n<td>\n<div class=\"playerTag\"><img decoding=\"async\" class=\"playerTagPhoto\" src=\"https:\/\/www.buenosaires2018.com\/results\/resYOG2018\/img\/bios\/photos\/1014078.jpg\" alt=\"\" \/><a class=\"countryLink upper\" href=\"https:\/\/www.buenosaires2018.com\/results\/es\/all-sports\/noc-entries-gran-bretana.htm\"><img decoding=\"async\" class=\"flagStyle\" title=\"Gran Breta\u00f1a\" src=\"https:\/\/www.buenosaires2018.com\/results\/resCOMMON\/img\/flags\/GBR.png\" alt=\"\" \/><abbr class=\"country\" title=\"Gran Breta\ufffda\">GBR<\/abbr><\/a><\/p>\n<div class=\"playerName \"><a href=\"https:\/\/www.buenosaires2018.com\/results\/es\/ciclismo\/perfil-de-atleta-n1014078-flynn-sean.htm\">FLYNN Sean<\/a><\/div>\n<div class=\"clearfix\"><\/div>\n<\/div>\n<\/td>\n<td class=\"text-center\">1:31:03<\/td>\n<td class=\"text-center\">+5<\/td>\n<td class=\"text-center\">4<\/td>\n<\/tr>\n<tr class=\"Res1\">\n<td class=\"text-center\">14<\/td>\n<td class=\"text-center\">39<\/td>\n<td>\n<div class=\"playerTag\"><img decoding=\"async\" class=\"playerTagPhoto\" src=\"https:\/\/www.buenosaires2018.com\/results\/resYOG2018\/img\/bios\/photos\/1009138.jpg\" alt=\"\" \/><a class=\"countryLink upper\" href=\"https:\/\/www.buenosaires2018.com\/results\/es\/all-sports\/noc-entries-eritrea.htm\"><img decoding=\"async\" class=\"flagStyle\" title=\"Eritrea\" src=\"https:\/\/www.buenosaires2018.com\/results\/resCOMMON\/img\/flags\/ERI.png\" alt=\"\" \/><abbr class=\"country\" title=\"Eritrea\">ERI<\/abbr><\/a><\/p>\n<div class=\"playerName \"><a href=\"https:\/\/www.buenosaires2018.com\/results\/es\/ciclismo\/perfil-de-atleta-n1009138-hailu-biniam.htm\">HAILU Biniam<\/a><\/div>\n<div class=\"clearfix\"><\/div>\n<\/div>\n<\/td>\n<td class=\"text-center\">1:31:03<\/td>\n<td class=\"text-center\">+5<\/td>\n<td class=\"text-center\">3<\/td>\n<\/tr>\n<tr class=\"Res2\">\n<td class=\"text-center\">15<\/td>\n<td class=\"text-center\">15<\/td>\n<td>\n<div class=\"playerTag\"><img decoding=\"async\" class=\"playerTagPhoto\" src=\"https:\/\/www.buenosaires2018.com\/results\/resYOG2018\/img\/bios\/photos\/1023170.jpg\" alt=\"\" \/><a class=\"countryLink upper\" href=\"https:\/\/www.buenosaires2018.com\/results\/es\/all-sports\/noc-entries-republica-checa.htm\"><img decoding=\"async\" class=\"flagStyle\" title=\"Rep\u00fablica Checa\" src=\"https:\/\/www.buenosaires2018.com\/results\/resCOMMON\/img\/flags\/CZE.png\" alt=\"\" \/><abbr class=\"country\" title=\"Rep\ufffdblica Checa\">CZE<\/abbr><\/a><\/p>\n<div class=\"playerName \"><a href=\"https:\/\/www.buenosaires2018.com\/results\/es\/ciclismo\/perfil-de-atleta-n1023170-jirous-samuel.htm\">JIROUS Samuel<\/a><\/div>\n<div class=\"clearfix\"><\/div>\n<\/div>\n<\/td>\n<td class=\"text-center\">1:31:03<\/td>\n<td class=\"text-center\">+5<\/td>\n<td class=\"text-center\">2<\/td>\n<\/tr>\n<tr class=\"Res1\">\n<td class=\"text-center\">16<\/td>\n<td class=\"text-center\">7<\/td>\n<td>\n<div class=\"playerTag\"><img decoding=\"async\" class=\"playerTagPhoto\" src=\"https:\/\/www.buenosaires2018.com\/results\/resYOG2018\/img\/bios\/photos\/1019931.jpg\" alt=\"\" \/><a class=\"countryLink upper\" href=\"https:\/\/www.buenosaires2018.com\/results\/es\/all-sports\/noc-entries-dinamarca.htm\"><img decoding=\"async\" class=\"flagStyle\" title=\"Dinamarca\" src=\"https:\/\/www.buenosaires2018.com\/results\/resCOMMON\/img\/flags\/DEN.png\" alt=\"\" \/><abbr class=\"country\" title=\"Dinamarca\">DEN<\/abbr><\/a><\/p>\n<div class=\"playerName \"><a href=\"https:\/\/www.buenosaires2018.com\/results\/es\/ciclismo\/perfil-de-atleta-n1019931-andersen-alexander.htm\">ANDERSEN Alexander<\/a><\/div>\n<div class=\"clearfix\"><\/div>\n<\/div>\n<\/td>\n<td class=\"text-center\">1:31:03<\/td>\n<td class=\"text-center\">+5<\/td>\n<td class=\"text-center\">1<\/td>\n<\/tr>\n<tr class=\"Res2\">\n<td class=\"text-center\">17<\/td>\n<td class=\"text-center\">23<\/td>\n<td>\n<div class=\"playerTag\"><img decoding=\"async\" class=\"playerTagPhoto\" src=\"https:\/\/www.buenosaires2018.com\/results\/resYOG2018\/img\/bios\/photos\/1003507.jpg\" alt=\"\" \/><a class=\"countryLink upper\" href=\"https:\/\/www.buenosaires2018.com\/results\/es\/all-sports\/noc-entries-mexico.htm\"><img decoding=\"async\" class=\"flagStyle\" title=\"M\u00e9xico\" src=\"https:\/\/www.buenosaires2018.com\/results\/resCOMMON\/img\/flags\/MEX.png\" alt=\"\" \/><abbr class=\"country\" title=\"M\ufffdxico\">MEX<\/abbr><\/a><\/p>\n<div class=\"playerName \"><a href=\"https:\/\/www.buenosaires2018.com\/results\/es\/ciclismo\/perfil-de-atleta-n1003507-aguirre-garza-tomas.htm\">AGUIRRE GARZA Tomas<\/a><\/div>\n<div class=\"clearfix\"><\/div>\n<\/div>\n<\/td>\n<td class=\"text-center\">1:31:03<\/td>\n<td class=\"text-center\">+5<\/td>\n<td class=\"text-center\"><\/td>\n<\/tr>\n<tr class=\"Res1\">\n<td class=\"text-center\">18<\/td>\n<td class=\"text-center\">16<\/td>\n<td>\n<div class=\"playerTag\"><img decoding=\"async\" class=\"playerTagPhoto\" src=\"https:\/\/www.buenosaires2018.com\/results\/resYOG2018\/img\/bios\/photos\/1023172.jpg\" alt=\"\" \/><a class=\"countryLink upper\" href=\"https:\/\/www.buenosaires2018.com\/results\/es\/all-sports\/noc-entries-republica-checa.htm\"><img decoding=\"async\" class=\"flagStyle\" title=\"Rep\u00fablica Checa\" src=\"https:\/\/www.buenosaires2018.com\/results\/resCOMMON\/img\/flags\/CZE.png\" alt=\"\" \/><abbr class=\"country\" title=\"Rep\ufffdblica Checa\">CZE<\/abbr><\/a><\/p>\n<div class=\"playerName \"><a href=\"https:\/\/www.buenosaires2018.com\/results\/es\/ciclismo\/perfil-de-atleta-n1023172-kelemen-petr.htm\">KELEMEN Petr<\/a><\/div>\n<div class=\"clearfix\"><\/div>\n<\/div>\n<\/td>\n<td class=\"text-center\">1:31:03<\/td>\n<td class=\"text-center\">+5<\/td>\n<td class=\"text-center\"><\/td>\n<\/tr>\n<tr class=\"Res2\">\n<td class=\"text-center\">19<\/td>\n<td class=\"text-center\">27<\/td>\n<td>\n<div class=\"playerTag\"><img decoding=\"async\" class=\"playerTagPhoto\" src=\"https:\/\/www.buenosaires2018.com\/results\/resYOG2018\/img\/bios\/photos\/1032278.jpg\" alt=\"\" \/><a class=\"countryLink upper\" href=\"https:\/\/www.buenosaires2018.com\/results\/es\/all-sports\/noc-entries-chile.htm\"><img decoding=\"async\" class=\"flagStyle\" title=\"Chile\" src=\"https:\/\/www.buenosaires2018.com\/results\/resCOMMON\/img\/flags\/CHI.png\" alt=\"\" \/><abbr class=\"country\" title=\"Chile\">CHI<\/abbr><\/a><\/p>\n<div class=\"playerName \"><a href=\"https:\/\/www.buenosaires2018.com\/results\/es\/ciclismo\/perfil-de-atleta-n1032278-caulier-tomas.htm\">CAULIER Tomas<\/a><\/div>\n<div class=\"clearfix\"><\/div>\n<\/div>\n<\/td>\n<td class=\"text-center\">1:31:03<\/td>\n<td class=\"text-center\">+5<\/td>\n<td class=\"text-center\"><\/td>\n<\/tr>\n<tr class=\"Res1\">\n<td class=\"text-center\">20<\/td>\n<td class=\"text-center\">40<\/td>\n<td>\n<div class=\"playerTag\"><img decoding=\"async\" class=\"playerTagPhoto\" src=\"https:\/\/www.buenosaires2018.com\/results\/resYOG2018\/img\/bios\/photos\/1009252.jpg\" alt=\"\" \/><a class=\"countryLink upper\" href=\"https:\/\/www.buenosaires2018.com\/results\/es\/all-sports\/noc-entries-eritrea.htm\"><img decoding=\"async\" class=\"flagStyle\" title=\"Eritrea\" src=\"https:\/\/www.buenosaires2018.com\/results\/resCOMMON\/img\/flags\/ERI.png\" alt=\"\" \/><abbr class=\"country\" title=\"Eritrea\">ERI<\/abbr><\/a><\/p>\n<div class=\"playerName \"><a href=\"https:\/\/www.buenosaires2018.com\/results\/es\/ciclismo\/perfil-de-atleta-n1009252-mesfin-hager.htm\">MESFIN Hager<\/a><\/div>\n<div class=\"clearfix\"><\/div>\n<\/div>\n<\/td>\n<td class=\"text-center\">1:31:03<\/td>\n<td class=\"text-center\">+5<\/td>\n<td class=\"text-center\"><\/td>\n<\/tr>\n<tr class=\"Res2\">\n<td class=\"text-center\">21<\/td>\n<td class=\"text-center\">17<\/td>\n<td>\n<div class=\"playerTag\"><img decoding=\"async\" class=\"playerTagPhoto\" src=\"https:\/\/www.buenosaires2018.com\/results\/resYOG2018\/img\/bios\/photos\/1014076.jpg\" alt=\"\" \/><a class=\"countryLink upper\" href=\"https:\/\/www.buenosaires2018.com\/results\/es\/all-sports\/noc-entries-gran-bretana.htm\"><img decoding=\"async\" class=\"flagStyle\" title=\"Gran Breta\u00f1a\" src=\"https:\/\/www.buenosaires2018.com\/results\/resCOMMON\/img\/flags\/GBR.png\" alt=\"\" \/><abbr class=\"country\" title=\"Gran Breta\ufffda\">GBR<\/abbr><\/a><\/p>\n<div class=\"playerName \"><a href=\"https:\/\/www.buenosaires2018.com\/results\/es\/ciclismo\/perfil-de-atleta-n1014076-birchill-harry.htm\">BIRCHILL Harry<\/a><\/div>\n<div class=\"clearfix\"><\/div>\n<\/div>\n<\/td>\n<td class=\"text-center\">1:31:03<\/td>\n<td class=\"text-center\">+5<\/td>\n<td class=\"text-center\"><\/td>\n<\/tr>\n<tr class=\"Res1\">\n<td class=\"text-center\">22<\/td>\n<td class=\"text-center\">9<\/td>\n<td>\n<div class=\"playerTag\"><img decoding=\"async\" class=\"playerTagPhoto\" src=\"https:\/\/www.buenosaires2018.com\/results\/resYOG2018\/img\/bios\/photos\/1000868.jpg\" alt=\"\" \/><a class=\"countryLink upper\" href=\"https:\/\/www.buenosaires2018.com\/results\/es\/all-sports\/noc-entries-israel.htm\"><img decoding=\"async\" class=\"flagStyle\" title=\"Israel\" src=\"https:\/\/www.buenosaires2018.com\/results\/resCOMMON\/img\/flags\/ISR.png\" alt=\"\" \/><abbr class=\"country\" title=\"Israel\">ISR<\/abbr><\/a><\/p>\n<div class=\"playerName \"><a href=\"https:\/\/www.buenosaires2018.com\/results\/es\/ciclismo\/perfil-de-atleta-n1000868-levi-eitan.htm\">LEVI Eitan<\/a><\/div>\n<div class=\"clearfix\"><\/div>\n<\/div>\n<\/td>\n<td class=\"text-center\">1:31:03<\/td>\n<td class=\"text-center\">+5<\/td>\n<td class=\"text-center\"><\/td>\n<\/tr>\n<tr class=\"Res2\">\n<td class=\"text-center\">23<\/td>\n<td class=\"text-center\">31<\/td>\n<td>\n<div class=\"playerTag\"><img decoding=\"async\" class=\"playerTagPhoto\" src=\"https:\/\/www.buenosaires2018.com\/results\/resYOG2018\/img\/bios\/photos\/1015813.jpg\" alt=\"\" \/><a class=\"countryLink upper\" href=\"https:\/\/www.buenosaires2018.com\/results\/es\/all-sports\/noc-entries-eslovaquia.htm\"><img decoding=\"async\" class=\"flagStyle\" title=\"Eslovaquia\" src=\"https:\/\/www.buenosaires2018.com\/results\/resCOMMON\/img\/flags\/SVK.png\" alt=\"\" \/><abbr class=\"country\" title=\"Eslovaquia\">SVK<\/abbr><\/a><\/p>\n<div class=\"playerName \"><a href=\"https:\/\/www.buenosaires2018.com\/results\/es\/ciclismo\/perfil-de-atleta-n1015813-kubis-lukas.htm\">KUBIS Lukas<\/a><\/div>\n<div class=\"clearfix\"><\/div>\n<\/div>\n<\/td>\n<td class=\"text-center\">1:31:03<\/td>\n<td class=\"text-center\">+5<\/td>\n<td class=\"text-center\"><\/td>\n<\/tr>\n<tr class=\"Res1\">\n<td class=\"text-center\">24<\/td>\n<td class=\"text-center\">12<\/td>\n<td>\n<div class=\"playerTag\"><img decoding=\"async\" class=\"playerTagPhoto\" src=\"https:\/\/www.buenosaires2018.com\/results\/resYOG2018\/img\/bios\/photos\/1017303.jpg\" alt=\"\" \/><a class=\"countryLink upper\" href=\"https:\/\/www.buenosaires2018.com\/results\/es\/all-sports\/noc-entries-espana.htm\"><img decoding=\"async\" class=\"flagStyle\" title=\"Espa\u00f1a\" src=\"https:\/\/www.buenosaires2018.com\/results\/resCOMMON\/img\/flags\/ESP.png\" alt=\"\" \/><abbr class=\"country\" title=\"Espa\ufffda\">ESP<\/abbr><\/a><\/p>\n<div class=\"playerName \"><a href=\"https:\/\/www.buenosaires2018.com\/results\/es\/ciclismo\/perfil-de-atleta-n1017303-canal-carlos.htm\">CANAL Carlos<\/a><\/div>\n<div class=\"clearfix\"><\/div>\n<\/div>\n<\/td>\n<td class=\"text-center\">1:31:03<\/td>\n<td class=\"text-center\">+5<\/td>\n<td class=\"text-center\"><\/td>\n<\/tr>\n<tr class=\"Res2\">\n<td class=\"text-center\">25<\/td>\n<td class=\"text-center\">25<\/td>\n<td>\n<div class=\"playerTag\"><img decoding=\"async\" class=\"playerTagPhoto\" src=\"https:\/\/www.buenosaires2018.com\/results\/resYOG2018\/img\/bios\/photos\/1018769.jpg\" alt=\"\" \/><a class=\"countryLink upper\" href=\"https:\/\/www.buenosaires2018.com\/results\/es\/all-sports\/noc-entries-eslovenia.htm\"><img decoding=\"async\" class=\"flagStyle\" title=\"Eslovenia\" src=\"https:\/\/www.buenosaires2018.com\/results\/resCOMMON\/img\/flags\/SLO.png\" alt=\"\" \/><abbr class=\"country\" title=\"Eslovenia\">SLO<\/abbr><\/a><\/p>\n<div class=\"playerName \"><a href=\"https:\/\/www.buenosaires2018.com\/results\/es\/ciclismo\/perfil-de-atleta-n1018769-omrzel-aljaz.htm\">OMRZEL Aljaz<\/a><\/div>\n<div class=\"clearfix\"><\/div>\n<\/div>\n<\/td>\n<td class=\"text-center\">1:31:03<\/td>\n<td class=\"text-center\">+5<\/td>\n<td class=\"text-center\"><\/td>\n<\/tr>\n<tr class=\"Res1\">\n<td class=\"text-center\">26<\/td>\n<td class=\"text-center\">36<\/td>\n<td>\n<div class=\"playerTag\"><img decoding=\"async\" class=\"playerTagPhoto\" src=\"https:\/\/www.buenosaires2018.com\/results\/resYOG2018\/img\/bios\/photos\/1044130.jpg\" alt=\"\" \/><a class=\"countryLink upper\" href=\"https:\/\/www.buenosaires2018.com\/results\/es\/all-sports\/noc-entries-colombia.htm\"><img decoding=\"async\" class=\"flagStyle\" title=\"Colombia\" src=\"https:\/\/www.buenosaires2018.com\/results\/resCOMMON\/img\/flags\/COL.png\" alt=\"\" \/><abbr class=\"country\" title=\"Colombia\">COL<\/abbr><\/a><\/p>\n<div class=\"playerName \"><a href=\"https:\/\/www.buenosaires2018.com\/results\/es\/ciclismo\/perfil-de-atleta-n1044130-zapata-alex.htm\">ZAPATA Alex<\/a><\/div>\n<div class=\"clearfix\"><\/div>\n<\/div>\n<\/td>\n<td class=\"text-center\">1:31:03<\/td>\n<td class=\"text-center\">+5<\/td>\n<td class=\"text-center\"><\/td>\n<\/tr>\n<tr class=\"Res2\">\n<td class=\"text-center\">27<\/td>\n<td class=\"text-center\">1<\/td>\n<td>\n<div class=\"playerTag\"><img decoding=\"async\" class=\"playerTagPhoto\" src=\"https:\/\/www.buenosaires2018.com\/results\/resYOG2018\/img\/bios\/photos\/1013954.jpg\" alt=\"\" \/><a class=\"countryLink upper\" href=\"https:\/\/www.buenosaires2018.com\/results\/es\/all-sports\/noc-entries-suiza.htm\"><img decoding=\"async\" class=\"flagStyle\" title=\"Suiza\" src=\"https:\/\/www.buenosaires2018.com\/results\/resCOMMON\/img\/flags\/SUI.png\" alt=\"\" \/><abbr class=\"country\" title=\"Suiza\">SUI<\/abbr><\/a><\/p>\n<div class=\"playerName \"><a href=\"https:\/\/www.buenosaires2018.com\/results\/es\/ciclismo\/perfil-de-atleta-n1013954-brun-nils.htm\">BRUN Nils<\/a><\/div>\n<div class=\"clearfix\"><\/div>\n<\/div>\n<\/td>\n<td class=\"text-center\">1:31:03<\/td>\n<td class=\"text-center\">+5<\/td>\n<td class=\"text-center\"><\/td>\n<\/tr>\n<tr class=\"Res1\">\n<td class=\"text-center\">28<\/td>\n<td class=\"text-center\">37<\/td>\n<td>\n<div class=\"playerTag\"><img decoding=\"async\" class=\"playerTagPhoto\" src=\"https:\/\/www.buenosaires2018.com\/results\/resYOG2018\/img\/bios\/photos\/1004139.jpg\" alt=\"\" \/><a class=\"countryLink upper\" href=\"https:\/\/www.buenosaires2018.com\/results\/es\/all-sports\/noc-entries-argentina.htm\"><img decoding=\"async\" class=\"flagStyle\" title=\"Argentina\" src=\"https:\/\/www.buenosaires2018.com\/results\/resCOMMON\/img\/flags\/ARG.png\" alt=\"\" \/><abbr class=\"country\" title=\"Argentina\">ARG<\/abbr><\/a><\/p>\n<div class=\"playerName \"><a href=\"https:\/\/www.buenosaires2018.com\/results\/es\/ciclismo\/perfil-de-atleta-n1004139-duran-agustin.htm\">DURAN Agustin<\/a><\/div>\n<div class=\"clearfix\"><\/div>\n<\/div>\n<\/td>\n<td class=\"text-center\">1:31:03<\/td>\n<td class=\"text-center\">+5<\/td>\n<td class=\"text-center\"><\/td>\n<\/tr>\n<tr class=\"Res2\">\n<td class=\"text-center\">29<\/td>\n<td class=\"text-center\">5<\/td>\n<td>\n<div class=\"playerTag\"><img decoding=\"async\" class=\"playerTagPhoto\" src=\"https:\/\/www.buenosaires2018.com\/results\/resYOG2018\/img\/bios\/photos\/1008263.jpg\" alt=\"\" \/><a class=\"countryLink upper\" href=\"https:\/\/www.buenosaires2018.com\/results\/es\/all-sports\/noc-entries-italia.htm\"><img decoding=\"async\" class=\"flagStyle\" title=\"Italia\" src=\"https:\/\/www.buenosaires2018.com\/results\/resCOMMON\/img\/flags\/ITA.png\" alt=\"\" \/><abbr class=\"country\" title=\"Italia\">ITA<\/abbr><\/a><\/p>\n<div class=\"playerName \"><a href=\"https:\/\/www.buenosaires2018.com\/results\/es\/ciclismo\/perfil-de-atleta-n1008263-avondetto-simone.htm\">AVONDETTO Simone<\/a><\/div>\n<div class=\"clearfix\"><\/div>\n<\/div>\n<\/td>\n<td class=\"text-center\">1:31:03<\/td>\n<td class=\"text-center\">+5<\/td>\n<td class=\"text-center\"><\/td>\n<\/tr>\n<tr class=\"Res1\">\n<td class=\"text-center\">30<\/td>\n<td class=\"text-center\">33<\/td>\n<td>\n<div class=\"playerTag\"><img decoding=\"async\" class=\"playerTagPhoto\" src=\"https:\/\/www.buenosaires2018.com\/results\/resYOG2018\/img\/bios\/photos\/1031614.jpg\" alt=\"\" \/><a class=\"countryLink upper\" href=\"https:\/\/www.buenosaires2018.com\/results\/es\/all-sports\/noc-entries-federacion-de-rusia.htm\"><img decoding=\"async\" class=\"flagStyle\" title=\"Federaci\u00f3n de Rusia\" src=\"https:\/\/www.buenosaires2018.com\/results\/resCOMMON\/img\/flags\/RUS.png\" alt=\"\" \/><abbr class=\"country\" title=\"Federaci\ufffdn de Rusia\">RUS<\/abbr><\/a><\/p>\n<div class=\"playerName \"><a href=\"https:\/\/www.buenosaires2018.com\/results\/es\/ciclismo\/perfil-de-atleta-n1031614-artemev-maksim.htm\">ARTEMEV Maksim<\/a><\/div>\n<div class=\"clearfix\"><\/div>\n<\/div>\n<\/td>\n<td class=\"text-center\">1:31:03<\/td>\n<td class=\"text-center\">+5<\/td>\n<\/tr>\n<\/tbody>\n<\/table>\n<p>&nbsp;<\/p>\n<p>&nbsp;<\/p>\n","protected":false},"excerpt":{"rendered":"<p>Este domingo fue muy diferente para Yoel Vargas en la segunda jornada del ciclismo combinado de los Juegos Ol\u00edmpicos de<\/p>\n","protected":false},"author":2,"featured_media":14929,"comment_status":"open","ping_status":"open","sticky":false,"template":"","format":"standard","meta":{"footnotes":""},"categories":[4,24],"tags":[],"class_list":["post-14928","post","type-post","status-publish","format-standard","has-post-thumbnail","hentry","category-ciclismo","category-noticias-destacadas"],"cc_featured_image_caption":{"caption_text":"","source_text":"","source_url":""},"_links":{"self":[{"href":"https:\/\/todoapulmon-rafaela.com\/index.php\/wp-json\/wp\/v2\/posts\/14928"}],"collection":[{"href":"https:\/\/todoapulmon-rafaela.com\/index.php\/wp-json\/wp\/v2\/posts"}],"about":[{"href":"https:\/\/todoapulmon-rafaela.com\/index.php\/wp-json\/wp\/v2\/types\/post"}],"author":[{"embeddable":true,"href":"https:\/\/todoapulmon-rafaela.com\/index.php\/wp-json\/wp\/v2\/users\/2"}],"replies":[{"embeddable":true,"href":"https:\/\/todoapulmon-rafaela.com\/index.php\/wp-json\/wp\/v2\/comments?post=14928"}],"version-history":[{"count":4,"href":"https:\/\/todoapulmon-rafaela.com\/index.php\/wp-json\/wp\/v2\/posts\/14928\/revisions"}],"predecessor-version":[{"id":14937,"href":"https:\/\/todoapulmon-rafaela.com\/index.php\/wp-json\/wp\/v2\/posts\/14928\/revisions\/14937"}],"wp:featuredmedia":[{"embeddable":true,"href":"https:\/\/todoapulmon-rafaela.com\/index.php\/wp-json\/wp\/v2\/media\/14929"}],"wp:attachment":[{"href":"https:\/\/todoapulmon-rafaela.com\/index.php\/wp-json\/wp\/v2\/media?parent=14928"}],"wp:term":[{"taxonomy":"category","embeddable":true,"href":"https:\/\/todoapulmon-rafaela.com\/index.php\/wp-json\/wp\/v2\/categories?post=14928"},{"taxonomy":"post_tag","embeddable":true,"href":"https:\/\/todoapulmon-rafaela.com\/index.php\/wp-json\/wp\/v2\/tags?post=14928"}],"curies":[{"name":"wp","href":"https:\/\/api.w.org\/{rel}","templated":true}]}}