{"id":14891,"date":"2018-10-10T21:40:56","date_gmt":"2018-10-10T21:40:56","guid":{"rendered":"http:\/\/todoapulmon-rafaela.com\/?p=14891"},"modified":"2018-10-10T21:40:56","modified_gmt":"2018-10-10T21:40:56","slug":"juan-cravero-base-para-9-de-julio-en-la-liga-provincial","status":"publish","type":"post","link":"https:\/\/todoapulmon-rafaela.com\/index.php\/2018\/10\/10\/juan-cravero-base-para-9-de-julio-en-la-liga-provincial\/","title":{"rendered":"Juan Cravero, base para 9 de Julio en la Liga Provincial"},"content":{"rendered":"<p>9 de Julio contin\u00faa armando su plantel para la Liga Provincial de B\u00e1squetbol que se iniciar\u00e1 el 15 de noviembre. El equipo que ser\u00e1 dirigido por Fernando Posetto sum\u00f3 en las \u00faltimas horas al base Juan Gabriel Cravero, rosarino que pas\u00f3 por Sportsmen Unidos (jug\u00f3 el Federal con dicho Club) y Gimnasia de Rosario, y que \u00faltimamente vino militando en San Mart\u00edn de Carlos Pellegrini, en la Oeste Santafesino.<\/p>\n<p>Cabe mencionar que el primer refuerzo confirmado hab\u00eda sido el ala-pivot Nicol\u00e1s Crotti. Del plantel que disput\u00f3 el torneo Oficial de la ARB continuar\u00e1n todos los mayores, a excepci\u00f3n de Alejandro Zimmermann.<\/p>\n","protected":false},"excerpt":{"rendered":"<p>9 de Julio contin\u00faa armando su plantel para la Liga Provincial de B\u00e1squetbol que se iniciar\u00e1 el 15 de noviembre.<\/p>\n","protected":false},"author":2,"featured_media":14892,"comment_status":"open","ping_status":"open","sticky":false,"template":"","format":"standard","meta":{"footnotes":""},"categories":[5,24],"tags":[],"class_list":["post-14891","post","type-post","status-publish","format-standard","has-post-thumbnail","hentry","category-basquet","category-noticias-destacadas"],"cc_featured_image_caption":{"caption_text":"","source_text":"","source_url":""},"_links":{"self":[{"href":"https:\/\/todoapulmon-rafaela.com\/index.php\/wp-json\/wp\/v2\/posts\/14891"}],"collection":[{"href":"https:\/\/todoapulmon-rafaela.com\/index.php\/wp-json\/wp\/v2\/posts"}],"about":[{"href":"https:\/\/todoapulmon-rafaela.com\/index.php\/wp-json\/wp\/v2\/types\/post"}],"author":[{"embeddable":true,"href":"https:\/\/todoapulmon-rafaela.com\/index.php\/wp-json\/wp\/v2\/users\/2"}],"replies":[{"embeddable":true,"href":"https:\/\/todoapulmon-rafaela.com\/index.php\/wp-json\/wp\/v2\/comments?post=14891"}],"version-history":[{"count":1,"href":"https:\/\/todoapulmon-rafaela.com\/index.php\/wp-json\/wp\/v2\/posts\/14891\/revisions"}],"predecessor-version":[{"id":14893,"href":"https:\/\/todoapulmon-rafaela.com\/index.php\/wp-json\/wp\/v2\/posts\/14891\/revisions\/14893"}],"wp:featuredmedia":[{"embeddable":true,"href":"https:\/\/todoapulmon-rafaela.com\/index.php\/wp-json\/wp\/v2\/media\/14892"}],"wp:attachment":[{"href":"https:\/\/todoapulmon-rafaela.com\/index.php\/wp-json\/wp\/v2\/media?parent=14891"}],"wp:term":[{"taxonomy":"category","embeddable":true,"href":"https:\/\/todoapulmon-rafaela.com\/index.php\/wp-json\/wp\/v2\/categories?post=14891"},{"taxonomy":"post_tag","embeddable":true,"href":"https:\/\/todoapulmon-rafaela.com\/index.php\/wp-json\/wp\/v2\/tags?post=14891"}],"curies":[{"name":"wp","href":"https:\/\/api.w.org\/{rel}","templated":true}]}}