{"id":14824,"date":"2018-10-06T17:57:34","date_gmt":"2018-10-06T17:57:34","guid":{"rendered":"http:\/\/todoapulmon-rafaela.com\/?p=14824"},"modified":"2018-10-06T18:00:54","modified_gmt":"2018-10-06T18:00:54","slug":"cuatro-rafaelinos-en-el-maraton-de-chicago","status":"publish","type":"post","link":"https:\/\/todoapulmon-rafaela.com\/index.php\/2018\/10\/06\/cuatro-rafaelinos-en-el-maraton-de-chicago\/","title":{"rendered":"Cuatro rafaelinos en el Marat\u00f3n de Chicago"},"content":{"rendered":"<p>Este domingo, desde las 9.30 de nuestro pa\u00eds, se llevar\u00e1 a cabo otro de los Maratones de importante prestigio a nivel internacional. La ciudad de Chicago, en Estados Unidos, tendr\u00e1 sus 42km 195m con la presencia de figuras de gran jerarqu\u00eda en la disciplina que intentar\u00e1n batir sus marcas en uno de los circuitos considerados m\u00e1s r\u00e1pidos en el mundo.<\/p>\n<p>Rafaela tendr\u00e1 sus representantes con cuatro integrantes del Wayra Running Team. En esta oportunidad, ser\u00e1n de la partida Mar\u00eda Jos\u00e9 Beninca, Luc\u00eda Mognaschi, Ramiro Far\u00edas y Mariano Cignetti, quienes tratar\u00e1n de disfrutar de una de las pruebas entre\u00a0las seis\u00a0<em>marathon majors<\/em>, que atrae a miles de aficionados de todo el planeta.<\/p>\n<p>Este a\u00f1o, en la categor\u00eda masculina, se ver\u00e1n las caras tres atletas inigualables:\u00a0el brit\u00e1nico Mo Farah, el japon\u00e9s Yuki Kawauchi (como amateur gan\u00f3 este a\u00f1o en Boston) y la promesa local Galen Rupp, ganador de la edici\u00f3n 2017, junto a un grupo de infaltables africanos de alto nivel.<\/p>\n<p>Los r\u00e9cords actuales del circuito son, en hombres, las 2h03m45s del ex recordista mundial Dennis Kimetto, en 2013, y las\u00a02h17m18s de Paula Radcliffe\u00a0en 2002 (atleta m\u00e1s r\u00e1pida de la historia en los 42K).<\/p>\n<p>&nbsp;<\/p>\n","protected":false},"excerpt":{"rendered":"<p>Este domingo, desde las 9.30 de nuestro pa\u00eds, se llevar\u00e1 a cabo otro de los Maratones de importante prestigio a<\/p>\n","protected":false},"author":2,"featured_media":14825,"comment_status":"open","ping_status":"open","sticky":false,"template":"","format":"standard","meta":{"footnotes":""},"categories":[7,24],"tags":[],"class_list":["post-14824","post","type-post","status-publish","format-standard","has-post-thumbnail","hentry","category-atletismo","category-noticias-destacadas"],"cc_featured_image_caption":{"caption_text":"Mariano Cignetti, Luc\u00eda Mognaschi, Mar\u00eda Jos\u00e9 Beninca y Ramiro Far\u00edas en la previa del Marat\u00f3n de Chicago.","source_text":"","source_url":""},"_links":{"self":[{"href":"https:\/\/todoapulmon-rafaela.com\/index.php\/wp-json\/wp\/v2\/posts\/14824"}],"collection":[{"href":"https:\/\/todoapulmon-rafaela.com\/index.php\/wp-json\/wp\/v2\/posts"}],"about":[{"href":"https:\/\/todoapulmon-rafaela.com\/index.php\/wp-json\/wp\/v2\/types\/post"}],"author":[{"embeddable":true,"href":"https:\/\/todoapulmon-rafaela.com\/index.php\/wp-json\/wp\/v2\/users\/2"}],"replies":[{"embeddable":true,"href":"https:\/\/todoapulmon-rafaela.com\/index.php\/wp-json\/wp\/v2\/comments?post=14824"}],"version-history":[{"count":4,"href":"https:\/\/todoapulmon-rafaela.com\/index.php\/wp-json\/wp\/v2\/posts\/14824\/revisions"}],"predecessor-version":[{"id":14829,"href":"https:\/\/todoapulmon-rafaela.com\/index.php\/wp-json\/wp\/v2\/posts\/14824\/revisions\/14829"}],"wp:featuredmedia":[{"embeddable":true,"href":"https:\/\/todoapulmon-rafaela.com\/index.php\/wp-json\/wp\/v2\/media\/14825"}],"wp:attachment":[{"href":"https:\/\/todoapulmon-rafaela.com\/index.php\/wp-json\/wp\/v2\/media?parent=14824"}],"wp:term":[{"taxonomy":"category","embeddable":true,"href":"https:\/\/todoapulmon-rafaela.com\/index.php\/wp-json\/wp\/v2\/categories?post=14824"},{"taxonomy":"post_tag","embeddable":true,"href":"https:\/\/todoapulmon-rafaela.com\/index.php\/wp-json\/wp\/v2\/tags?post=14824"}],"curies":[{"name":"wp","href":"https:\/\/api.w.org\/{rel}","templated":true}]}}